{"id":55249,"date":"2017-01-05T11:42:14","date_gmt":"2017-01-05T14:42:14","guid":{"rendered":"http:\/\/blitzconquista.com.br\/?p=55249"},"modified":"2017-01-05T11:44:38","modified_gmt":"2017-01-05T14:44:38","slug":"jacare-sera-lider-oposicao-camara","status":"publish","type":"post","link":"https:\/\/blitzconquista.com.br\/?p=55249","title":{"rendered":"Jacar\u00e9 ser\u00e1 l\u00edder da bancada de oposi\u00e7\u00e3o"},"content":{"rendered":"<p>Ao que tudo indica a \u00e1rdua tarefa de representar a bancada de oposi\u00e7\u00e3o ao Governo Municipal ficar\u00e1 sob a responsabilidade do vereador Fernando Jacar\u00e9 (PT). Segundo apurou o Blitz, o vice-l\u00edder oposicionista ser\u00e1 o seu colega petista Valdemir Dias.<\/p>\n<p>At\u00e9 o final de 2016, Jacar\u00e9 era o presidente da casa e estava na confort\u00e1vel posi\u00e7\u00e3o de estar ao lado do Governo. Ainda fortalecido pelas estreitas rela\u00e7\u00f5es com os deputados Waldenor Pereira e Jos\u00e9 Raimundo, respectivamente, federal e estadual, Jacar\u00e9 ter\u00e1 tamb\u00e9m como desafio agregar a oposi\u00e7\u00e3o com discursos unificados.<\/p>\n","protected":false},"excerpt":{"rendered":"<p>Ao que tudo indica a \u00e1rdua tarefa de representar a bancada de oposi\u00e7\u00e3o ao Governo Municipal ficar\u00e1 sob a responsabilidade do vereador Fernando Jacar\u00e9 (PT). Segundo apurou o Blitz, o vice-l\u00edder oposicionista ser\u00e1 o seu colega petista Valdemir Dias. At\u00e9 o final de 2016, Jacar\u00e9 era o presidente da casa e estava na confort\u00e1vel posi\u00e7\u00e3o [&hellip;]<\/p>\n","protected":false},"author":1,"featured_media":55252,"comment_status":"open","ping_status":"closed","sticky":false,"template":"","format":"standard","meta":[],"categories":[212,5],"tags":[],"_links":{"self":[{"href":"https:\/\/blitzconquista.com.br\/index.php?rest_route=\/wp\/v2\/posts\/55249"}],"collection":[{"href":"https:\/\/blitzconquista.com.br\/index.php?rest_route=\/wp\/v2\/posts"}],"about":[{"href":"https:\/\/blitzconquista.com.br\/index.php?rest_route=\/wp\/v2\/types\/post"}],"author":[{"embeddable":true,"href":"https:\/\/blitzconquista.com.br\/index.php?rest_route=\/wp\/v2\/users\/1"}],"replies":[{"embeddable":true,"href":"https:\/\/blitzconquista.com.br\/index.php?rest_route=%2Fwp%2Fv2%2Fcomments&post=55249"}],"version-history":[{"count":2,"href":"https:\/\/blitzconquista.com.br\/index.php?rest_route=\/wp\/v2\/posts\/55249\/revisions"}],"predecessor-version":[{"id":55254,"href":"https:\/\/blitzconquista.com.br\/index.php?rest_route=\/wp\/v2\/posts\/55249\/revisions\/55254"}],"wp:featuredmedia":[{"embeddable":true,"href":"https:\/\/blitzconquista.com.br\/index.php?rest_route=\/wp\/v2\/media\/55252"}],"wp:attachment":[{"href":"https:\/\/blitzconquista.com.br\/index.php?rest_route=%2Fwp%2Fv2%2Fmedia&parent=55249"}],"wp:term":[{"taxonomy":"category","embeddable":true,"href":"https:\/\/blitzconquista.com.br\/index.php?rest_route=%2Fwp%2Fv2%2Fcategories&post=55249"},{"taxonomy":"post_tag","embeddable":true,"href":"https:\/\/blitzconquista.com.br\/index.php?rest_route=%2Fwp%2Fv2%2Ftags&post=55249"}],"curies":[{"name":"wp","href":"https:\/\/api.w.org\/{rel}","templated":true}]}}