{"id":56183,"date":"2017-02-10T16:00:23","date_gmt":"2017-02-10T19:00:23","guid":{"rendered":"http:\/\/blitzconquista.com.br\/?p=56183"},"modified":"2017-02-11T14:29:32","modified_gmt":"2017-02-11T17:29:32","slug":"56183-2","status":"publish","type":"post","link":"https:\/\/blitzconquista.com.br\/?p=56183","title":{"rendered":"Mem\u00f3ria curta! (ou a pr\u00e1tica da velha forma de &#8220;fazer&#8221; pol\u00edtica)"},"content":{"rendered":"<p style=\"text-align: justify;\">L\u00edder da bancada do governo de Pereira acusa administra\u00e7\u00e3o anterior de \u201cdeixar o Esa\u00fa Matos \u201c\u00e0s tra\u00e7as\u201d.<\/p>\n<p style=\"text-align: justify;\">Em discurso pr\u00f3prio de um h\u00e1bil orador que herdou a pr\u00e1tica t\u00edpica do populismo tupiniquim, o Vereador disse em seu discurso na C\u00e2mara Municipal, nesta sexta, 10, que est\u00e1 trabalhando para mostrar ao povo de Conquista a real situa\u00e7\u00e3o do Esa\u00fa e da sa\u00fade no munic\u00edpio.<\/p>\n<p style=\"text-align: justify;\">Mas, \u00e9 bom lembrar que at\u00e9 bem poucos meses, o hoje Excelent\u00edssimo Vereador, apoiava e defendia a administra\u00e7\u00e3o anterior, inclusive, \u00e0s vezes, de cr\u00edticas feitas pelo Pereira, ent\u00e3o deputado.<\/p>\n<p style=\"text-align: justify;\">Manifesta\u00e7\u00f5es t\u00edpicas dos que insistem em prorrogar a campanha eleitoral tem sido ouvidas tamb\u00e9m nos meios de comunica\u00e7\u00e3o da cidade. H\u00e1 quem garante, por exemplo, que nos \u00faltimos 20 anos n\u00e3o houve investimento em infraestrutura.<\/p>\n<p style=\"text-align: justify;\">Paci\u00eancia!<\/p>\n<p style=\"text-align: justify;\">Por <em>Fredson Nascimento<\/em><\/p>\n","protected":false},"excerpt":{"rendered":"<p>L\u00edder da bancada do governo de Pereira acusa administra\u00e7\u00e3o anterior de \u201cdeixar o Esa\u00fa Matos \u201c\u00e0s tra\u00e7as\u201d. Em discurso pr\u00f3prio de um h\u00e1bil orador que herdou a pr\u00e1tica t\u00edpica do populismo tupiniquim, o Vereador disse em seu discurso na C\u00e2mara Municipal, nesta sexta, 10, que est\u00e1 trabalhando para mostrar ao povo de Conquista a real [&hellip;]<\/p>\n","protected":false},"author":1,"featured_media":56184,"comment_status":"open","ping_status":"closed","sticky":false,"template":"","format":"standard","meta":[],"categories":[212,29,5],"tags":[],"_links":{"self":[{"href":"https:\/\/blitzconquista.com.br\/index.php?rest_route=\/wp\/v2\/posts\/56183"}],"collection":[{"href":"https:\/\/blitzconquista.com.br\/index.php?rest_route=\/wp\/v2\/posts"}],"about":[{"href":"https:\/\/blitzconquista.com.br\/index.php?rest_route=\/wp\/v2\/types\/post"}],"author":[{"embeddable":true,"href":"https:\/\/blitzconquista.com.br\/index.php?rest_route=\/wp\/v2\/users\/1"}],"replies":[{"embeddable":true,"href":"https:\/\/blitzconquista.com.br\/index.php?rest_route=%2Fwp%2Fv2%2Fcomments&post=56183"}],"version-history":[{"count":3,"href":"https:\/\/blitzconquista.com.br\/index.php?rest_route=\/wp\/v2\/posts\/56183\/revisions"}],"predecessor-version":[{"id":56187,"href":"https:\/\/blitzconquista.com.br\/index.php?rest_route=\/wp\/v2\/posts\/56183\/revisions\/56187"}],"wp:featuredmedia":[{"embeddable":true,"href":"https:\/\/blitzconquista.com.br\/index.php?rest_route=\/wp\/v2\/media\/56184"}],"wp:attachment":[{"href":"https:\/\/blitzconquista.com.br\/index.php?rest_route=%2Fwp%2Fv2%2Fmedia&parent=56183"}],"wp:term":[{"taxonomy":"category","embeddable":true,"href":"https:\/\/blitzconquista.com.br\/index.php?rest_route=%2Fwp%2Fv2%2Fcategories&post=56183"},{"taxonomy":"post_tag","embeddable":true,"href":"https:\/\/blitzconquista.com.br\/index.php?rest_route=%2Fwp%2Fv2%2Ftags&post=56183"}],"curies":[{"name":"wp","href":"https:\/\/api.w.org\/{rel}","templated":true}]}}