{"id":56197,"date":"2017-02-11T14:38:52","date_gmt":"2017-02-11T17:38:52","guid":{"rendered":"http:\/\/blitzconquista.com.br\/?p=56197"},"modified":"2017-02-11T14:38:52","modified_gmt":"2017-02-11T17:38:52","slug":"ze-raimundo-comenta-alteracao-no-preco-da-passagem-de-onibus-anti-democratica","status":"publish","type":"post","link":"https:\/\/blitzconquista.com.br\/?p=56197","title":{"rendered":"Z\u00e9 Raimundo comenta altera\u00e7\u00e3o no pre\u00e7o da passagem de \u00f4nibus: \u201cAnti-democr\u00e1tica\u201d"},"content":{"rendered":"<div id=\"yui_3_16_0_ym19_1_1486824113088_2527\">O deputado estadual Z\u00e9 Raimundo foi o convidado desta sexta-feira\u00a0(10) do programa Informa\u00e7\u00e3o e An\u00e1lise, do comunicador Giorlando Lima, na r\u00e1dio Melodia FM. Questionado pelo jornalista sobre o primeiro m\u00eas da nova administra\u00e7\u00e3o na cidade, Z\u00e9 Raimundo avaliou algumas medidas, como a altera\u00e7\u00e3o no pre\u00e7o da passagem de \u00f4nibus e a retirada da gratifica\u00e7\u00e3o de alguns servidores da prefeitura municipal.<\/div>\n<div id=\"yui_3_16_0_ym19_1_1486824113088_2529\">Com a experi\u00eancia de ex-prefeito de Vit\u00f3ria da Conquista e de deputado, Z\u00e9 Raimundo relembrou quando foi criada em Vit\u00f3ria da Conquista uma comiss\u00e3o, da qual fez parte, para analisar a planilha do Minist\u00e9rio dos Transportes. O objetivo era entender como \u00e9 que se comp\u00f5e o pre\u00e7o da passagem de \u00f4nibus. O deputado comentou o fato do Conselho Municipal de Transporte n\u00e3o ter sido ouvido pela atual administra\u00e7\u00e3o. Para Z\u00e9 Raimundo, a decis\u00e3o foi: \u201cAnti-democr\u00e1tica, unilateral e sem ouvir uma estrutura legal, que \u00e9 o Conselho Municipal do Transporte. N\u00e3o sei se o valor da passagem seria um pouco menos ou um pouco mais, mas era preciso analisar a planilha de gastos. O m\u00e9todo \u00e9 que est\u00e1 errado. O conselho tinha que se reunir e demonstrar toda a estrutura de custo, do pneu, do \u00f3leo diesel, tudo o que comp\u00f5e a planilha. Seria uma forma tamb\u00e9m de demonstrar transpar\u00eancia para a popula\u00e7\u00e3o\u201d, explicou.<\/div>\n<div id=\"yui_3_16_0_ym19_1_1486824113088_2531\">Z\u00e9 Raimundo falou ainda sobre a libera\u00e7\u00e3o para a circula\u00e7\u00e3o das vans sem regulamenta\u00e7\u00e3o na cidade: \u201cIsso vai impactar no pre\u00e7o da passagem depois. Tenho visto as vans levando os passageiros e em seguida os \u00f4nibus passando vazios. Vai ser preciso uma regulamenta\u00e7\u00e3o. A van em si, pode fazer parte, mas desde que ela componha o sistema de transporte, que entre no custo da passagem. Isso pode vir a impactar a m\u00e9dio prazo\u201d, explicou.<\/div>\n<div id=\"yui_3_16_0_ym19_1_1486824113088_2533\">Questionado por Giorlando sobre a retirada da gratifica\u00e7\u00e3o de alguns servidores municipais, o que gerou protestos em v\u00e1rios setores da prefeitura, o deputado comentou: \u201cTodos os atos do prefeito Guilherme foram atos baseados na lei, sobretudo na quest\u00e3o dos monitores de creche. O que eles reivindicavam era uma eleva\u00e7\u00e3o a categoria de professores. Isso at\u00e9 onde eu sei, ainda n\u00e3o h\u00e1 uma regulamenta\u00e7\u00e3o. Em fun\u00e7\u00e3o da especialidade, do cuidado, da tarefa dos monitores, o ent\u00e3o secret\u00e1rio Valdemir Dias deu uma gratifica\u00e7\u00e3o compensando esses profissionais. Eles s\u00e3o respons\u00e1veis pelo cuidado da crian\u00e7a na pr\u00e9-escola. Foi uma determina\u00e7\u00e3o legal. Prejudicar o conjunto de servidores retirando sem nenhum crit\u00e9rio a gratifica\u00e7\u00e3o, mostra mais uma medida a\u00e7odada da administra\u00e7\u00e3o p\u00fablica. Falta de planejamento, de racionaliza\u00e7\u00e3o e de maturidade das pessoas que est\u00e3o tomando esta decis\u00e3o\u201d, concluiu Z\u00e9 Raimundo.<\/div>\n<div id=\"yui_3_16_0_ym19_1_1486824113088_2535\">O deputado refor\u00e7ou que continuar\u00e1, junto com o deputado federal Waldenor Pereira, trabalhando por Vit\u00f3ria da Conquista e regi\u00e3o, para a viabiliza\u00e7\u00e3o de obras e servi\u00e7os, como o novo aeroporto, a barragem do Catol\u00e9 e investimentos na sa\u00fade.<\/div>\n<p>*Assessoria<\/p>\n","protected":false},"excerpt":{"rendered":"<p>O deputado estadual Z\u00e9 Raimundo foi o convidado desta sexta-feira\u00a0(10) do programa Informa\u00e7\u00e3o e An\u00e1lise, do comunicador Giorlando Lima, na r\u00e1dio Melodia FM. Questionado pelo jornalista sobre o primeiro m\u00eas da nova administra\u00e7\u00e3o na cidade, Z\u00e9 Raimundo avaliou algumas medidas, como a altera\u00e7\u00e3o no pre\u00e7o da passagem de \u00f4nibus e a retirada da gratifica\u00e7\u00e3o de [&hellip;]<\/p>\n","protected":false},"author":1,"featured_media":56198,"comment_status":"open","ping_status":"closed","sticky":false,"template":"","format":"standard","meta":[],"categories":[5],"tags":[],"_links":{"self":[{"href":"https:\/\/blitzconquista.com.br\/index.php?rest_route=\/wp\/v2\/posts\/56197"}],"collection":[{"href":"https:\/\/blitzconquista.com.br\/index.php?rest_route=\/wp\/v2\/posts"}],"about":[{"href":"https:\/\/blitzconquista.com.br\/index.php?rest_route=\/wp\/v2\/types\/post"}],"author":[{"embeddable":true,"href":"https:\/\/blitzconquista.com.br\/index.php?rest_route=\/wp\/v2\/users\/1"}],"replies":[{"embeddable":true,"href":"https:\/\/blitzconquista.com.br\/index.php?rest_route=%2Fwp%2Fv2%2Fcomments&post=56197"}],"version-history":[{"count":1,"href":"https:\/\/blitzconquista.com.br\/index.php?rest_route=\/wp\/v2\/posts\/56197\/revisions"}],"predecessor-version":[{"id":56199,"href":"https:\/\/blitzconquista.com.br\/index.php?rest_route=\/wp\/v2\/posts\/56197\/revisions\/56199"}],"wp:featuredmedia":[{"embeddable":true,"href":"https:\/\/blitzconquista.com.br\/index.php?rest_route=\/wp\/v2\/media\/56198"}],"wp:attachment":[{"href":"https:\/\/blitzconquista.com.br\/index.php?rest_route=%2Fwp%2Fv2%2Fmedia&parent=56197"}],"wp:term":[{"taxonomy":"category","embeddable":true,"href":"https:\/\/blitzconquista.com.br\/index.php?rest_route=%2Fwp%2Fv2%2Fcategories&post=56197"},{"taxonomy":"post_tag","embeddable":true,"href":"https:\/\/blitzconquista.com.br\/index.php?rest_route=%2Fwp%2Fv2%2Ftags&post=56197"}],"curies":[{"name":"wp","href":"https:\/\/api.w.org\/{rel}","templated":true}]}}