{"id":56207,"date":"2017-02-13T10:47:11","date_gmt":"2017-02-13T13:47:11","guid":{"rendered":"http:\/\/blitzconquista.com.br\/?p=56207"},"modified":"2017-02-13T17:41:47","modified_gmt":"2017-02-13T20:41:47","slug":"se-for-no-grito-coisa-anda","status":"publish","type":"post","link":"https:\/\/blitzconquista.com.br\/?p=56207","title":{"rendered":"Se for no &#8220;grito&#8221; a coisa anda"},"content":{"rendered":"<p>Quando estava na universidade aprendi que muita coisa se conquistava no \u201cgrito\u201d. N\u00e3o deveria ser assim. N\u00e3o adiantava di\u00e1logo, teoria, nada disso. Para melhorias do curso de Jornalismo protestamos com o vel\u00f3rio e enterro simb\u00f3lico da Uesb, sendo o defunto o reitor, hoje deputado. Professores aliados do reitor nos massacravam com suas ret\u00f3ricas eloquentes, refer\u00eancias dos mais renomados intelectuais hist\u00f3ricos. Mas, somente no \u201cgrito\u201d com exposi\u00e7\u00e3o das falhas da gest\u00e3o, conseguimos avan\u00e7ar na estrutura\u00e7\u00e3o do curso.<\/p>\n<p>Lembro-me que fizemos uma manifesta\u00e7\u00e3o dentro do campus de Vit\u00f3ria da Conquista circulando com um carro de som. Nossa peregrina\u00e7\u00e3o parou em frente ao m\u00f3dulo acad\u00eamico, exatamente em frente ao DFCH \u2013 Departamento de Filosofia e Ci\u00eancias Humanas. Naquele dia eu peguei o microfone e disse figuradamente que ir\u00edamos \u201cca\u00e7ar\u201d os professores com dedica\u00e7\u00e3o exclusiva que estavam atuando em outras institui\u00e7\u00f5es de ensino e empresas.\u00a0 Foi a gota d\u2019\u00e1gua: fui chamado de fascista. O ditador (eu) que liderava os estudantes \u201cmonstros\u201d daquela institui\u00e7\u00e3o formadora de \u201cintelectuais\u201d. Mas, eles ficaram com medo e muitos professores resolveram cumprir o que lhes cabia. Outros esperaram alguns anos para responderem processo para devolver o que usurparam dos cofres p\u00fablicos.<\/p>\n<p>Voc\u00ea deve estar se perguntado: qual a rela\u00e7\u00e3o do que aconteceu h\u00e1 mais de 15 anos com com a pol\u00edtica conquistense atual?<\/p>\n<p>Na democracia brasileira, baiana e mongoi\u00f3 os m\u00ednimos direitos s\u00f3 s\u00e3o garantidos com quem esbraveja e exp\u00f5e falhas que causem desgaste no mundo pol\u00edtico.<\/p>\n<p>Desde que Pereira cortou as gratifica\u00e7\u00f5es dos servidores municipais, presenciamos uma enxurrada de manifesta\u00e7\u00f5es e amea\u00e7as de paralisa\u00e7\u00f5es. E at\u00e9 agora, s\u00f3 quem \u201cgritou\u201d foi ressarcido do que lhe \u00e9 de direito.<\/p>\n<p>Depois do <span data-dobid=\"hdw\">imbr\u00f3glio<\/span> com o pessoal da Educa\u00e7\u00e3o e o pessoal da sa\u00fade, outros setores tamb\u00e9m reclamaram. At\u00e9 os servidores da Secretaria de Finan\u00e7as amea\u00e7aram parar.<\/p>\n<p>Mas as a\u00e7\u00f5es impensadas n\u00e3o atingem apenas o bolso dos servidores. At\u00e9 quem precisa vir para Conquista ter\u00e1 que enfrentar a famigerada regra ditada pela portaria que pro\u00edbe a parada de \u00f4nibus intermunicipais fora da esta\u00e7\u00e3o rodovi\u00e1ria. \u00c9 parece que os motoristas de vans nem precisaram &#8220;gritar&#8221; e j\u00e1 ganharam uma &#8220;ponta&#8221;. O executivo deve ter se antecipado&#8230; quando as vans param bloqueiam todo o centro e a cidade fica emperrada. Deve ser por isso.<\/p>\n<p>Pelo jeito, \u00e9 preciso \u201cgritar\u201d. N\u00e3o que eu ache a melhor forma de resolver problemas.<\/p>\n<p>Na faculdade estudantes ainda s\u00e3o \u201cadolescentes e imaturos rebeldes\u201d, mas, na maturidade, entre adultos \u00e9 inadmiss\u00edvel que seja necess\u00e1rio o \u201ccalundu\u201d para garantir direitos conquistados.<\/p>\n","protected":false},"excerpt":{"rendered":"<p>Quando estava na universidade aprendi que muita coisa se conquistava no \u201cgrito\u201d. N\u00e3o deveria ser assim. N\u00e3o adiantava di\u00e1logo, teoria, nada disso. Para melhorias do curso de Jornalismo protestamos com o vel\u00f3rio e enterro simb\u00f3lico da Uesb, sendo o defunto o reitor, hoje deputado. Professores aliados do reitor nos massacravam com suas ret\u00f3ricas eloquentes, refer\u00eancias [&hellip;]<\/p>\n","protected":false},"author":1,"featured_media":48686,"comment_status":"open","ping_status":"closed","sticky":false,"template":"","format":"standard","meta":[],"categories":[29,5],"tags":[],"_links":{"self":[{"href":"https:\/\/blitzconquista.com.br\/index.php?rest_route=\/wp\/v2\/posts\/56207"}],"collection":[{"href":"https:\/\/blitzconquista.com.br\/index.php?rest_route=\/wp\/v2\/posts"}],"about":[{"href":"https:\/\/blitzconquista.com.br\/index.php?rest_route=\/wp\/v2\/types\/post"}],"author":[{"embeddable":true,"href":"https:\/\/blitzconquista.com.br\/index.php?rest_route=\/wp\/v2\/users\/1"}],"replies":[{"embeddable":true,"href":"https:\/\/blitzconquista.com.br\/index.php?rest_route=%2Fwp%2Fv2%2Fcomments&post=56207"}],"version-history":[{"count":2,"href":"https:\/\/blitzconquista.com.br\/index.php?rest_route=\/wp\/v2\/posts\/56207\/revisions"}],"predecessor-version":[{"id":56294,"href":"https:\/\/blitzconquista.com.br\/index.php?rest_route=\/wp\/v2\/posts\/56207\/revisions\/56294"}],"wp:featuredmedia":[{"embeddable":true,"href":"https:\/\/blitzconquista.com.br\/index.php?rest_route=\/wp\/v2\/media\/48686"}],"wp:attachment":[{"href":"https:\/\/blitzconquista.com.br\/index.php?rest_route=%2Fwp%2Fv2%2Fmedia&parent=56207"}],"wp:term":[{"taxonomy":"category","embeddable":true,"href":"https:\/\/blitzconquista.com.br\/index.php?rest_route=%2Fwp%2Fv2%2Fcategories&post=56207"},{"taxonomy":"post_tag","embeddable":true,"href":"https:\/\/blitzconquista.com.br\/index.php?rest_route=%2Fwp%2Fv2%2Ftags&post=56207"}],"curies":[{"name":"wp","href":"https:\/\/api.w.org\/{rel}","templated":true}]}}