{"id":56779,"date":"2017-03-02T02:34:08","date_gmt":"2017-03-02T05:34:08","guid":{"rendered":"http:\/\/blitzconquista.com.br\/?p=56779"},"modified":"2017-03-02T02:36:42","modified_gmt":"2017-03-02T05:36:42","slug":"carta-para-lima-barreto-ou-noticias-da-bruzundanga","status":"publish","type":"post","link":"https:\/\/blitzconquista.com.br\/?p=56779","title":{"rendered":"Carta para Lima Barreto ou Not\u00edcias da Bruzundanga"},"content":{"rendered":"<p><strong>Por Luiz Henrique Machado de Paula<\/strong><\/p>\n<p>Caro Lima;<\/p>\n<p>Quanto tempo? Um s\u00e9culo! Perdoe-me se lhe incomodo com not\u00edcias tristes da Bruzundanga, mas, se de um lado as mazelas do povo pobre s\u00f3 aumentam, por outro, acredito que gostar\u00e1 de saber que suas palavras foram prof\u00e9ticas. Por\u00e9m em v\u00e3o. N\u00e3o por erradas, mas porque aqui ningu\u00e9m l\u00ea ou pensa, somos arrivistas at\u00e1vicos. Antes, por favor, n\u00e3o leve em considera\u00e7\u00e3o o p\u00e9ssimo conhecimento da l\u00edngua e o pouco apuro liter\u00e1rio deste missivista, lembre-se que freq\u00fcentei as escolas bruzundanguenses, nas quais ao t\u00e9rmino dos cursos os alunos saem <em>\u201cmais ignorantes e presun\u00e7osos do que quando para l\u00e1 entraram\u201d<a href=\"#_edn1\" name=\"_ednref1\"><strong>[i]<\/strong><\/a><\/em>.<\/p>\n<p>Vamos \u00e0s not\u00edcias de Bruzundanga. Aqui tudo anda estranho, tenebroso, sombrio e bizarro, um dia pior que o outro. Veja, por exemplo, a nossa pol\u00edtica: segue firme no prop\u00f3sito de n\u00e3o ser <em>\u201cuma grande cogita\u00e7\u00e3o de guiar os nossos destinos; por\u00e9m, uma vulgar especula\u00e7\u00e3o de cargos e propinas\u201d.<\/em><\/p>\n<p>Os pol\u00edticos bruzundanguenses chegaram ao \u00e1pice! Conseguiram <em>\u201celiminar do aparelho eleitoral este elemento perturbador \u2013 o voto\u201d. <\/em>E n\u00f3s, bruzundanguenses acreditamos que a Bruzundanga \u00e9 uma Na\u00e7\u00e3o e ainda por cima democr\u00e1tica!!!<\/p>\n<p>Nosso atual \u201c<em>Mandachuva\u201d<\/em> (um membro da \u201c<em>nobreza doutoral\u201d<\/em>) chegou ao cargo sem receber nenhum voto e preenchendo exatamente aquilo que a Constitui\u00e7\u00e3o da Rep\u00fablica da Bruzundanga estabelece, lembra? Voc\u00ea falou disso, esqueceu? A nossa Constitui\u00e7\u00e3o exige que o \u201c<em>Mandachuva\u201d<\/em> (tamb\u00e9m conhecido como \u2018o sem votos\u2019) deve <em>\u201cunicamente saber ler e escrever; que nunca tivesse mostrado ou procurado mostrar que tinha alguma intelig\u00eancia; que n\u00e3o tivesse vontade pr\u00f3pria; que fosse, enfim, de uma mediocridade total\u201d.<\/em><\/p>\n<p>Tamb\u00e9m estamos com uns ministros (letras min\u00fasculas para ministros min\u00fasculos) daqueles <em>\u201cin\u00e1beis para dirigir qualquer coisa, indignos da fun\u00e7\u00e3o que a obscura marcha das coisas depositou em suas m\u00e3os\u201d, <\/em>pois <em>\u201cos preponderantes e influentes t\u00eam todo o interesse em n\u00e3o fazer subir os inteligentes, os ilustrados, os que entendem de qualquer coisa; e tratam logo de colocar em destaque um med\u00edocre razo\u00e1vel (&#8230;)\u201d<\/em>.<\/p>\n<p>Dizem que o ministro da justi\u00e7a copa o que os outros escrevem como se fosse seu. Pl\u00e1gio? N\u00e3o!!! Copiar \u00e9 bom, prova que ele sabe ler e escrever, no caso, sabe ler em idioma estrangeiro, melhor ainda. E dizem que tirou zero na prova. Isso n\u00e3o prova nada, pois no final foi aprovado. Tem mais, ele disse que era p\u00f3s doutoral e n\u00e3o \u00e9. Mentira? Nada!! Erro da secret\u00e1ria, afinal, se n\u00e3o tem o mordomo para que a culpa lhe recaia no lombo, qualquer servi\u00e7al serve para induzir a autoridade em erro, cara!!! Na regi\u00e3o bandeirante da Bruzundanga, os Acad\u00eamicos s\u00e9rios s\u00e3o os que desfilam no carnaval.<\/p>\n<p>O nosso ministro da cultura (o ministro que se confundiu a si mesmo com um pr\u00eamio<a href=\"#_edn2\" name=\"_ednref2\">[ii]<\/a>), chamado em Portugal (pelo jornal de maior prest\u00edgio de l\u00e1) de despreparado, arrogante e megal\u00f4mano, aquele sem curr\u00edculo que o vincule \u00e0 cultura, sem educa\u00e7\u00e3o para participar de eventos de premia\u00e7\u00e3o, sem votos para se eleger no executivo, ex-comunista do partid\u00e3o e agora no partid\u00e3o neo-liberal do (des)governo, perdeu a oportunidade de ficar de boca fechada. Cala-te! \u00c9s um energ\u00fameno! Diria o Rei de Espanha.<\/p>\n<p>Por aqui tamb\u00e9m surgiu um heroi, afinal de contas <em>\u201cum pa\u00eds como a Bruzundanga precisa ter os seus her\u00f3is e as suas hero\u00ednas para justificar aos olhos do seu povo a exist\u00eancia f\u00e1cil e opulenta das fac\u00e7\u00f5es que a t\u00eam dirigido\u201d.<\/em> Nosso heroi \u00e9 um grande literato, detentor de uma cultura ling\u00fc\u00edstica superior, apreciador da melhor m\u00fasica de <u>c\u00e2mera (sic)<\/u> e adora ser fotografado pelas <u>c\u00e2maras (sic)<\/u><a href=\"#_edn3\" name=\"_ednref3\">[iii]<\/a>. Nosso heroi n\u00e3o \u00e9 daqueles homens, como o \u00e9 nosso ministro despreparado, arrogante e megal\u00f4mano, <em>\u201ccuja cultura art\u00edstica se cifrou em dar corda no gramofone familiar\u201d. <\/em><\/p>\n<p>N\u00e3o senhor! Ele \u00e9 homem de convic\u00e7\u00e3o e que n\u00e3o se deixa levar por algo que n\u00e3o venha ao caso, como a liberdade, os princ\u00edpios constitucionais e outras crendices de mesma natureza. Direito e justi\u00e7a? Supersti\u00e7\u00f5es populares!! Este heroi \u00e9 membro honor\u00e1rio \u201cdaquela corpora\u00e7\u00e3o que at\u00e9 hoje tem se distinguido por trabalhar somente \u2013 <em>pro domo sua\u201d<a href=\"#_edn4\" name=\"_ednref4\"><strong>[iv]<\/strong><\/a><\/em>. O nosso heroi aplica fielmente aquele artigo da Constitui\u00e7\u00e3o da Bruzundanga que diz: <em>\u201cToda vez que um artigo desta Constitui\u00e7\u00e3o ferir interesses de parentes de pessoas da \u2018situa\u00e7\u00e3o\u2019 ou de membros dela, fica subentendido que ele n\u00e3o tem aplica\u00e7\u00e3o no caso\u201d.<\/em><\/p>\n<p>Note, querido Lima, que nestes cem anos a Bruzundanga permaneceu descendo a ladeira.<\/p>\n<p>Infelizmente nossos costumes antigos, nossos h\u00e1bitos ancestrais n\u00e3o serviram de ensinamento para que pud\u00e9ssemos melhorar e continuamos confirmando o que est\u00e1 escrito l\u00e1 na Arte de Furtar: os maiores ladr\u00f5es s\u00e3o os que t\u00eam por of\u00edcio livrar-nos de outros ladr\u00f5es.<\/p>\n<p>Em suma: <em>\u201cN\u00e3o h\u00e1, portanto, na sociedade do momento tradi\u00e7\u00e3o, cultura acumulada e gosto cultivado em um ambiente prop\u00edcio. S\u00e3o todos arrivistas e viveram a melhor parte da vida tiranizados pela paix\u00e3o de ganhar dinheiro, seja como for. Os melhores e mais respeit\u00e1veis s\u00e3o aqueles que enriqueceram pelo com\u00e9rcio e pela ind\u00fastria, honestamente, se \u00e9 poss\u00edvel admitir que se enrique\u00e7a honestamente\u201d<\/em>.<\/p>\n<p>Da Bruzundanga para o C\u00e9u no primeiro de mar\u00e7o de 2017.<\/p>\n<h6><a href=\"#_ednref1\" name=\"_edn1\">[i]<\/a> Todas as cita\u00e7\u00f5es em it\u00e1lico e entre aspas foram extra\u00eddas da obra Os bruzundangas de Lima Barreto, escrita no ano de 1917 e publicada pela primeira vez no ano de 1923.<\/h6>\n<h6><a href=\"#_ednref2\" name=\"_edn2\">[ii]<\/a> <a href=\"https:\/\/www.publico.pt\/2017\/02\/20\/culturaipsilon\/noticia\/o-ministro-que-se-confundiu-a-si-mesmo-com-um-premio-1762632\">https:\/\/www.publico.pt\/2017\/02\/20\/culturaipsilon\/noticia\/o-ministro-que-se-confundiu-a-si-mesmo-com-um-premio-1762632<\/a><\/h6>\n<h6><a href=\"#_ednref3\" name=\"_edn3\"><strong>[iii]<\/strong><\/a> Fernando Morais, no Facebook: Moro \u2018fala fino\u2019 e diz \u2018C\u00e2mera\u2019 dos Deputados. Postado em\u00a018 de julho de 2015 \u00e0s 4:23pm de Fernando Morais, no\u00a0<a href=\"https:\/\/www.facebook.com\/fernando.morais.1612?ref=ts&amp;fref=ts\">Facebook<\/a>: duas irrelev\u00e2ncias que percebi ontem, vendo televis\u00e3o: 1) o juiz S\u00e9rgio Moro fala fino; 2) ele pronuncia \u201cc\u00e2mera\u201d quando se refere \u00e0 c\u00e2mara federal.<\/h6>\n<h6><a href=\"#_ednref4\" name=\"_edn4\">[iv]<\/a> Cita\u00e7\u00e3o extra\u00edda do jornal Os ferr\u00f5es, ano 1, n\u00famero 3, publicado em 01 de julho de 1875 <em>apud <\/em>OS FERR\u00d5ES. Org. Jos\u00e9 Leonardo Nascimento. Editora UNESP, 1\u00aa edi\u00e7\u00e3o, 2013, SP, p. 104. <em>Pro domo sua<\/em>: em benef\u00edcio de sua casa.<\/h6>\n","protected":false},"excerpt":{"rendered":"<p>Por Luiz Henrique Machado de Paula Caro Lima; Quanto tempo? Um s\u00e9culo! Perdoe-me se lhe incomodo com not\u00edcias tristes da Bruzundanga, mas, se de um lado as mazelas do povo pobre s\u00f3 aumentam, por outro, acredito que gostar\u00e1 de saber que suas palavras foram prof\u00e9ticas. Por\u00e9m em v\u00e3o. N\u00e3o por erradas, mas porque aqui ningu\u00e9m [&hellip;]<\/p>\n","protected":false},"author":1,"featured_media":54536,"comment_status":"open","ping_status":"closed","sticky":false,"template":"","format":"standard","meta":[],"categories":[29],"tags":[],"_links":{"self":[{"href":"https:\/\/blitzconquista.com.br\/index.php?rest_route=\/wp\/v2\/posts\/56779"}],"collection":[{"href":"https:\/\/blitzconquista.com.br\/index.php?rest_route=\/wp\/v2\/posts"}],"about":[{"href":"https:\/\/blitzconquista.com.br\/index.php?rest_route=\/wp\/v2\/types\/post"}],"author":[{"embeddable":true,"href":"https:\/\/blitzconquista.com.br\/index.php?rest_route=\/wp\/v2\/users\/1"}],"replies":[{"embeddable":true,"href":"https:\/\/blitzconquista.com.br\/index.php?rest_route=%2Fwp%2Fv2%2Fcomments&post=56779"}],"version-history":[{"count":1,"href":"https:\/\/blitzconquista.com.br\/index.php?rest_route=\/wp\/v2\/posts\/56779\/revisions"}],"predecessor-version":[{"id":56780,"href":"https:\/\/blitzconquista.com.br\/index.php?rest_route=\/wp\/v2\/posts\/56779\/revisions\/56780"}],"wp:featuredmedia":[{"embeddable":true,"href":"https:\/\/blitzconquista.com.br\/index.php?rest_route=\/wp\/v2\/media\/54536"}],"wp:attachment":[{"href":"https:\/\/blitzconquista.com.br\/index.php?rest_route=%2Fwp%2Fv2%2Fmedia&parent=56779"}],"wp:term":[{"taxonomy":"category","embeddable":true,"href":"https:\/\/blitzconquista.com.br\/index.php?rest_route=%2Fwp%2Fv2%2Fcategories&post=56779"},{"taxonomy":"post_tag","embeddable":true,"href":"https:\/\/blitzconquista.com.br\/index.php?rest_route=%2Fwp%2Fv2%2Ftags&post=56779"}],"curies":[{"name":"wp","href":"https:\/\/api.w.org\/{rel}","templated":true}]}}