{"id":58069,"date":"2017-04-11T00:22:53","date_gmt":"2017-04-11T03:22:53","guid":{"rendered":"http:\/\/blitzconquista.com.br\/?p=58069"},"modified":"2017-04-11T00:23:07","modified_gmt":"2017-04-11T03:23:07","slug":"opiniao-em-100-dias-de-governo-herzem-gusmao-pereira-pmdb-comprova-sua-propria-tese-de-que-o-seu-mandato-e-um-acidente","status":"publish","type":"post","link":"https:\/\/blitzconquista.com.br\/?p=58069","title":{"rendered":"Opini\u00e3o: Em 100 dias de Governo, Herzem Gusm\u00e3o Pereira (PMDB) comprova sua pr\u00f3pria tese de que o seu mandato \u00e9 um acidente"},"content":{"rendered":"<div><em>*Por Isaac Bomfim Pereira Reis<\/em> &#8211; Vit\u00f3ria da Conquista \u00e9 a terceira maior cidade do estado e ganhou destaque nacional nos \u00faltimos anos, principalmente em rela\u00e7\u00e3o ao dinamismo econ\u00f4mico e qualidade de vida da popula\u00e7\u00e3o, que em 2016, ap\u00f3s 20 anos de governos petistas elegeu, em segundo turno, o radialista Herzem Gusm\u00e3o do PMDB para comandar a cidade. HG completa, neste 10 de Abril, seu cent\u00e9simo dia \u00e0 frente da Administra\u00e7\u00e3o Municipal de Vit\u00f3ria da Conquista cercado por pol\u00eamicas e com uma administra\u00e7\u00e3o fragilizada pela falta de planejamento e de zelo com a gest\u00e3o p\u00fablica, al\u00e9m disso, diversas promessas foram quebradas antes mesmo de assumir a Administra\u00e7\u00e3o.<\/div>\n<div><\/div>\n<div>Em entrevista no dia 03 de Novembro de 2017, HG disse que \u201cgovernaria com t\u00e9cnicos capacitados\u201d, entretanto, seu secretariado \u00e9 formado basicamente por figuras ligadas \u00e0 dupla Geddel e L\u00facio Vieira Lima, mais conhecida como Bitelo e Boca de Jacar\u00e9 que s\u00e3o seus codinomes na dela\u00e7\u00e3o da Odebrecht (Andr\u00e9 Ferraro\/Secret\u00e1rio de Comunica\u00e7\u00e3o), ao Neo-Carlismo do Prefeito de Salvador (Marcelo Melo \/ Secret\u00e1rio de Educa\u00e7\u00e3o), ao passado pol\u00edtico da cidade ( Z\u00e9 Willian, Murilo M\u00e1rmore), al\u00e9m de colocar como Secret\u00e1ria de Desenvolvimento Social, a Empres\u00e1ria e Vice-Prefeita Irma Lemos que n\u00e3o me parece ser uma especialista na pol\u00edtica do Sistema \u00danico de Assist\u00eancia Social (SUAS). Quanto \u00e0 forma\u00e7\u00e3o do novo (velho) governo herzista \u00e9 preciso destacar a nomea\u00e7\u00e3o de conjugues, parentes e afins em diversas \u00e1reas.<\/div>\n<div><\/div>\n<div>HG tamb\u00e9m prometeu que seria um gestor de di\u00e1logo e que aproximaria o governo da sociedade conquistense: \u201cDevolveremos a prefeitura para Vit\u00f3ria da Conquista e haveremos de administrar com o envolvimento de toda cidade\u201d, afirmou o prefeito eleito, por\u00e9m, as a\u00e7\u00f5es do seu governo demonstram que apesar da tentativa de um discurso participativo, HG prefere o autoritarismo puro e simples, vejamos:<\/div>\n<div><\/div>\n<div>\u2022 Aumento abusivo de 18% no transporte coletivo da cidade sem dialogo com entidades representativas e com o<\/div>\n<div>\u2022 Corte em gratifica\u00e7\u00f5es e direitos dos servidores municipais sem di\u00e1logo com a categoria;<\/div>\n<div>\u2022 Ato Violento de desocupa\u00e7\u00e3o de moradores da Comunidade Maravilhosinha;<\/div>\n<div><\/div>\n<div>Vale ressaltar tamb\u00e9m a pouca habilidade de HG na gest\u00e3o do tr\u00e2nsito de Vit\u00f3ria da Conquista, n\u00e3o existe planejamento ou sequer estudos de viabilidade nas mudan\u00e7as propostas pelo executivo, que na verdade acabam provocando um \u201cfaz e desfaz\u201d no j\u00e1 confuso tr\u00e2nsito conquistense. A equipe de mobilidade urbana de HG simplesmente usa do empirismo com mudan\u00e7as sem sentido, que na maioria das vezes pouco ajuda, como o caso do bloqueio no retorno do SAMUR, ou provoca acidentes, como na mudan\u00e7a de sinaliza\u00e7\u00e3o da Avenida Macei\u00f3.<\/div>\n<div><\/div>\n<div>Ainda podemos destacar a falta de merenda nas escolas municipais, o atraso de repasse salarial aos funcion\u00e1rios contratados da Educa\u00e7\u00e3o, o uso indevido dos m\u00f3veis da Casa Memorial R\u00e9gis Pacheco e a tentativa desesperada do atual mandat\u00e1rio em creditar \u00e0 Administra\u00e7\u00e3o anterior todos os desmandos e problemas que a cidade enfrenta durante a sua gest\u00e3o.<\/div>\n<div><\/div>\n<div>Herzem Gusm\u00e3o Pereira passou a \u00faltima d\u00e9cada usando o microfone da R\u00e1dio Clube diariamente para fazer oposi\u00e7\u00e3o pol\u00edtica \u00e0 cidade de Vit\u00f3ria da Conquista e ao Partido dos Trabalhadores, disputou as elei\u00e7\u00f5es para prefeito em 2008 e 2012, e para Deputado Federal em 2010 e Deputado Estadual em 2014, at\u00e9 finalmente ser eleito no segundo turno das elei\u00e7\u00f5es de 2016, no entanto, no dia 12 de Janeiro de 2017 o atual prefeito disse que estava no cargo acidentalmente.<\/div>\n<div><\/div>\n<div>Tenho a impress\u00e3o de que Herzem \u00e9 o acidente mais premeditado da hist\u00f3ria da pol\u00edtica nacional.<\/div>\n<div class=\"gmail-yj6qo gmail-ajU\"><\/div>\n","protected":false},"excerpt":{"rendered":"<p>*Por Isaac Bomfim Pereira Reis &#8211; Vit\u00f3ria da Conquista \u00e9 a terceira maior cidade do estado e ganhou destaque nacional nos \u00faltimos anos, principalmente em rela\u00e7\u00e3o ao dinamismo econ\u00f4mico e qualidade de vida da popula\u00e7\u00e3o, que em 2016, ap\u00f3s 20 anos de governos petistas elegeu, em segundo turno, o radialista Herzem Gusm\u00e3o do PMDB para [&hellip;]<\/p>\n","protected":false},"author":1,"featured_media":58071,"comment_status":"open","ping_status":"closed","sticky":false,"template":"","format":"standard","meta":[],"categories":[29],"tags":[],"_links":{"self":[{"href":"https:\/\/blitzconquista.com.br\/index.php?rest_route=\/wp\/v2\/posts\/58069"}],"collection":[{"href":"https:\/\/blitzconquista.com.br\/index.php?rest_route=\/wp\/v2\/posts"}],"about":[{"href":"https:\/\/blitzconquista.com.br\/index.php?rest_route=\/wp\/v2\/types\/post"}],"author":[{"embeddable":true,"href":"https:\/\/blitzconquista.com.br\/index.php?rest_route=\/wp\/v2\/users\/1"}],"replies":[{"embeddable":true,"href":"https:\/\/blitzconquista.com.br\/index.php?rest_route=%2Fwp%2Fv2%2Fcomments&post=58069"}],"version-history":[{"count":1,"href":"https:\/\/blitzconquista.com.br\/index.php?rest_route=\/wp\/v2\/posts\/58069\/revisions"}],"predecessor-version":[{"id":58072,"href":"https:\/\/blitzconquista.com.br\/index.php?rest_route=\/wp\/v2\/posts\/58069\/revisions\/58072"}],"wp:featuredmedia":[{"embeddable":true,"href":"https:\/\/blitzconquista.com.br\/index.php?rest_route=\/wp\/v2\/media\/58071"}],"wp:attachment":[{"href":"https:\/\/blitzconquista.com.br\/index.php?rest_route=%2Fwp%2Fv2%2Fmedia&parent=58069"}],"wp:term":[{"taxonomy":"category","embeddable":true,"href":"https:\/\/blitzconquista.com.br\/index.php?rest_route=%2Fwp%2Fv2%2Fcategories&post=58069"},{"taxonomy":"post_tag","embeddable":true,"href":"https:\/\/blitzconquista.com.br\/index.php?rest_route=%2Fwp%2Fv2%2Ftags&post=58069"}],"curies":[{"name":"wp","href":"https:\/\/api.w.org\/{rel}","templated":true}]}}