{"id":59252,"date":"2017-05-17T14:12:52","date_gmt":"2017-05-17T17:12:52","guid":{"rendered":"http:\/\/blitzconquista.com.br\/?p=59252"},"modified":"2017-05-17T14:19:16","modified_gmt":"2017-05-17T17:19:16","slug":"pao-e-circo-prefeito-almoca-com-garis-no-mesmo-dia-que-nega-reajuste-salarial","status":"publish","type":"post","link":"https:\/\/blitzconquista.com.br\/?p=59252","title":{"rendered":"Opini\u00e3o: P\u00e3o e circo &#8211; Prefeito almo\u00e7a com garis no mesmo dia que nega reajuste salarial"},"content":{"rendered":"<p><strong>Por Frarlei Nascimento <\/strong><\/p>\n<p>O Prefeito de Vit\u00f3ria da Conquista parece estudar devotadamente a pol\u00edtica adotada no Imp\u00e9rio Romano e tentar a todo custo aplic\u00e1-la.<br \/>\nO almo\u00e7o oferecido em comemora\u00e7\u00e3o aos garis parece\u00a0a vers\u00e3o moderna do \u201cp\u00e3o e circo\u201d. No mesmo dia que Pereira declarou <span style=\"color: #ff0000;\"><strong><em>\u201cEu tenho admira\u00e7\u00e3o pelos garis e, como existe em Aracaju, queremos edificar um monumento aos garis pelo esfor\u00e7o, pela dedica\u00e7\u00e3o, pela contribui\u00e7\u00e3o que est\u00e3o dando \u00e0 cidade de Vit\u00f3ria da Conquista. Assim eu s\u00f3 tenho que agradecer\u201d<\/em><\/strong><\/span>, ele negou o reajuste.<br \/>\nE que agradecimento os servidores municipais receberam. <em>\u201cZero\u201d<\/em> reajuste; com um sorriso ir\u00f4nico, assim teria dito um dos prepostos do executivo, disse um dos sindicalistas envolvidos na negocia\u00e7\u00e3o.<br \/>\nPereira se acovardou e n\u00e3o foi\u00a0dizer pessoalmente,\u201colho no olho\u201d, que n\u00e3o corrigir\u00e1 as distor\u00e7\u00f5es salariais geradas pela infla\u00e7\u00e3o do \u00faltimo ano. Tal atitude provavelmente fomentou os gritos \u201cprefeito fuj\u00e3o\u201d, durante a assembleia da categoria na C\u00e2mara de Vereadores, na manh\u00e3 dessa ter\u00e7a, 16.<br \/>\nE o problema n\u00e3o est\u00e1 s\u00f3 no di\u00e1logo com os servidores. Um documento apresentado aos hippies expulsos da Pra\u00e7a 9 de Novembro diz:<em> \u201cem cumprimento \u00e0 determina\u00e7\u00e3o da 11a Promotoria de Justi\u00e7a de Vit\u00f3ria da Conquista\u201d<\/em>. A escrita no documento demonstra a tentativa da administra\u00e7\u00e3o de se esconder atr\u00e1s do MP. Afinal, a Justi\u00e7a \u00e9 que tem o poder de determinar.<\/p>\n<p><img decoding=\"async\" loading=\"lazy\" class=\"size-full wp-image-59253 aligncenter\" src=\"http:\/\/blitzconquista.com.br\/wp-content\/uploads\/2017\/05\/gsdfgsdfgsfgsdgf.jpg\" alt=\"\" width=\"450\" height=\"76\" srcset=\"https:\/\/blitzconquista.com.br\/wp-content\/uploads\/2017\/05\/gsdfgsdfgsfgsdgf.jpg 450w, https:\/\/blitzconquista.com.br\/wp-content\/uploads\/2017\/05\/gsdfgsdfgsfgsdgf-300x51.jpg 300w\" sizes=\"(max-width: 450px) 100vw, 450px\" \/><br \/>\nAinda temos situa\u00e7\u00f5es beirando o caos e aumentando a press\u00e3o: paralisa\u00e7\u00e3o do transporte coletivo, den\u00fancias de nepotismo, excesso de funcion\u00e1rios nomeados, sal\u00e1rios question\u00e1veis dos cargos pol\u00edticos, crise na sa\u00fade, transporte escolar definhando.<br \/>\nA mudan\u00e7a precisava chegar, mas n\u00e3o num retrocesso descomunal. A mudan\u00e7a est\u00e1 atingindo at\u00e9 os mortos. Nem Pereira, nem seus secret\u00e1rios sabem como resolver o problema da falta de sepulturas no Cemit\u00e9rio.<\/p>\n<p>Em dez anos de oposi\u00e7\u00e3o ele n\u00e3o idealizou um plano de Governo para atuar\u00a0emergencialmente em situa\u00e7\u00f5es como essas?<br \/>\nSer\u00e1 que Pereira\u00a0acreditava que palavras e frases de efeito, como costumava fazer no r\u00e1dio, ou cercear o direito de express\u00e3o de jornalistas, como foi denunciado em Bras\u00edlia, resolveriam os problemas da cidade.<br \/>\nComo Pereira parece flertar com\u00a0modelo \u00a0imperialista romano de governar, todo cuidado \u00e9 pouco.<br \/>\nPara acalmar a popula\u00e7\u00e3o as autoridades romanas promoviam eventos nas arenas. No mesmo local onde havia apresenta\u00e7\u00e3o de palha\u00e7os, acrobacias e corridas de cavalos, pessoas eram lan\u00e7adas aos animais ferozes.<br \/>\nPereira quer construir o monumento aos garis, mas, quais dos infelizes que receberam o beijo da trai\u00e7\u00e3o ser\u00e3o lan\u00e7ados aos le\u00f5es?<\/p>\n","protected":false},"excerpt":{"rendered":"<p>Por Frarlei Nascimento O Prefeito de Vit\u00f3ria da Conquista parece estudar devotadamente a pol\u00edtica adotada no Imp\u00e9rio Romano e tentar a todo custo aplic\u00e1-la. O almo\u00e7o oferecido em comemora\u00e7\u00e3o aos garis parece\u00a0a vers\u00e3o moderna do \u201cp\u00e3o e circo\u201d. No mesmo dia que Pereira declarou \u201cEu tenho admira\u00e7\u00e3o pelos garis e, como existe em Aracaju, queremos [&hellip;]<\/p>\n","protected":false},"author":1,"featured_media":59296,"comment_status":"closed","ping_status":"closed","sticky":false,"template":"","format":"standard","meta":[],"categories":[29],"tags":[],"_links":{"self":[{"href":"https:\/\/blitzconquista.com.br\/index.php?rest_route=\/wp\/v2\/posts\/59252"}],"collection":[{"href":"https:\/\/blitzconquista.com.br\/index.php?rest_route=\/wp\/v2\/posts"}],"about":[{"href":"https:\/\/blitzconquista.com.br\/index.php?rest_route=\/wp\/v2\/types\/post"}],"author":[{"embeddable":true,"href":"https:\/\/blitzconquista.com.br\/index.php?rest_route=\/wp\/v2\/users\/1"}],"replies":[{"embeddable":true,"href":"https:\/\/blitzconquista.com.br\/index.php?rest_route=%2Fwp%2Fv2%2Fcomments&post=59252"}],"version-history":[{"count":4,"href":"https:\/\/blitzconquista.com.br\/index.php?rest_route=\/wp\/v2\/posts\/59252\/revisions"}],"predecessor-version":[{"id":59299,"href":"https:\/\/blitzconquista.com.br\/index.php?rest_route=\/wp\/v2\/posts\/59252\/revisions\/59299"}],"wp:featuredmedia":[{"embeddable":true,"href":"https:\/\/blitzconquista.com.br\/index.php?rest_route=\/wp\/v2\/media\/59296"}],"wp:attachment":[{"href":"https:\/\/blitzconquista.com.br\/index.php?rest_route=%2Fwp%2Fv2%2Fmedia&parent=59252"}],"wp:term":[{"taxonomy":"category","embeddable":true,"href":"https:\/\/blitzconquista.com.br\/index.php?rest_route=%2Fwp%2Fv2%2Fcategories&post=59252"},{"taxonomy":"post_tag","embeddable":true,"href":"https:\/\/blitzconquista.com.br\/index.php?rest_route=%2Fwp%2Fv2%2Ftags&post=59252"}],"curies":[{"name":"wp","href":"https:\/\/api.w.org\/{rel}","templated":true}]}}