{"id":61023,"date":"2017-07-05T07:05:23","date_gmt":"2017-07-05T10:05:23","guid":{"rendered":"http:\/\/blitzconquista.com.br\/?p=61023"},"modified":"2017-07-05T07:15:18","modified_gmt":"2017-07-05T10:15:18","slug":"rede-propria-programa-farmacia-popular-do-brasil-encerra-suas-atividades-em-conquista","status":"publish","type":"post","link":"https:\/\/blitzconquista.com.br\/?p=61023","title":{"rendered":"Rede Pr\u00f3pria do Programa Farm\u00e1cia Popular do Brasil encerra suas atividades em Conquista"},"content":{"rendered":"<p><span style=\"color: #ff0000;\"><strong>Prefeitura afirma que medicamentos continuar\u00e3o sendo oferecidos nas farm\u00e1cias da Aten\u00e7\u00e3o B\u00e1sica e na rede \u201cAqui Tem Farm\u00e1cia Popular\u201d, atrav\u00e9s das farm\u00e1cias que comp\u00f5em a rede particular de estabelecimentos.<\/strong><\/span><\/p>\n<p>A Secretaria Municipal de Sa\u00fade, por meio da Assist\u00eancia Farmac\u00eautica, informa que a unidade da Rede Pr\u00f3pria do Programa Farm\u00e1cia Popular do Brasil, que funciona na Pra\u00e7a Vitor Brito, no Centro da cidade, encerrar\u00e1 suas atividades nesta quarta-feira, 05. A determina\u00e7\u00e3o para o fechamento da farm\u00e1cia partiu do Minist\u00e9rio da Sa\u00fade, ap\u00f3s a decis\u00e3o da Comiss\u00e3o Intergestores Tripartite (CIT), no \u00faltimo dia 30 de mar\u00e7o de 2017, que acabou com o repasse de manuten\u00e7\u00e3o e desoperacionaliza\u00e7\u00e3o da Rede.<\/p>\n<p>Segundo dados do Minist\u00e9rio da Sa\u00fade, at\u00e9 o m\u00eas de maio, estavam credenciadas no programa 34.543 farm\u00e1cias em todo o pa\u00eds. Ainda de acordo com informa\u00e7\u00f5es do Minist\u00e9rio, com o fechamento das unidades pr\u00f3prias do programa, os estados e munic\u00edpios v\u00e3o receber um incremento de 10%, que dever\u00e1 ser destinado \u00e0 compra de medicamentos da aten\u00e7\u00e3o b\u00e1sica do SUS.<\/p>\n<p>A grande maioria dos usu\u00e1rios que buscam a Farm\u00e1cia Popular v\u00e3o \u00e0 procura de medicamentos para hipertens\u00e3o, diabetes e asma; os mesmos v\u00e3o continuar sendo oferecidos nas farm\u00e1cias da Aten\u00e7\u00e3o B\u00e1sica. A Assist\u00eancia Farmac\u00eautica destaca ainda que o programa Aqui Tem Farm\u00e1cia Popular vai continuar com suas atividades normais, sendo oferecido \u00e0 popula\u00e7\u00e3o atrav\u00e9s das farm\u00e1cias que comp\u00f5em a rede particular de estabelecimentos.<\/p>\n<p>Vale ressaltar que as farm\u00e1cias que s\u00e3o credenciadas junto ao Programa Aqui Tem Farm\u00e1cia Popular, devem renovar o cadastro de 2017 at\u00e9 o fim de Julho. Todas as informa\u00e7\u00f5es para o recadastramento est\u00e3o na internet, no endere\u00e7o www.caixa.gov.br\/farmaciapopular.<\/p>\n<p><strong>Fonte: Secom PMVC<\/strong><\/p>\n","protected":false},"excerpt":{"rendered":"<p>Prefeitura afirma que medicamentos continuar\u00e3o sendo oferecidos nas farm\u00e1cias da Aten\u00e7\u00e3o B\u00e1sica e na rede \u201cAqui Tem Farm\u00e1cia Popular\u201d, atrav\u00e9s das farm\u00e1cias que comp\u00f5em a rede particular de estabelecimentos. A Secretaria Municipal de Sa\u00fade, por meio da Assist\u00eancia Farmac\u00eautica, informa que a unidade da Rede Pr\u00f3pria do Programa Farm\u00e1cia Popular do Brasil, que funciona na [&hellip;]<\/p>\n","protected":false},"author":1,"featured_media":61026,"comment_status":"closed","ping_status":"closed","sticky":false,"template":"","format":"standard","meta":[],"categories":[212,30],"tags":[],"_links":{"self":[{"href":"https:\/\/blitzconquista.com.br\/index.php?rest_route=\/wp\/v2\/posts\/61023"}],"collection":[{"href":"https:\/\/blitzconquista.com.br\/index.php?rest_route=\/wp\/v2\/posts"}],"about":[{"href":"https:\/\/blitzconquista.com.br\/index.php?rest_route=\/wp\/v2\/types\/post"}],"author":[{"embeddable":true,"href":"https:\/\/blitzconquista.com.br\/index.php?rest_route=\/wp\/v2\/users\/1"}],"replies":[{"embeddable":true,"href":"https:\/\/blitzconquista.com.br\/index.php?rest_route=%2Fwp%2Fv2%2Fcomments&post=61023"}],"version-history":[{"count":3,"href":"https:\/\/blitzconquista.com.br\/index.php?rest_route=\/wp\/v2\/posts\/61023\/revisions"}],"predecessor-version":[{"id":61027,"href":"https:\/\/blitzconquista.com.br\/index.php?rest_route=\/wp\/v2\/posts\/61023\/revisions\/61027"}],"wp:featuredmedia":[{"embeddable":true,"href":"https:\/\/blitzconquista.com.br\/index.php?rest_route=\/wp\/v2\/media\/61026"}],"wp:attachment":[{"href":"https:\/\/blitzconquista.com.br\/index.php?rest_route=%2Fwp%2Fv2%2Fmedia&parent=61023"}],"wp:term":[{"taxonomy":"category","embeddable":true,"href":"https:\/\/blitzconquista.com.br\/index.php?rest_route=%2Fwp%2Fv2%2Fcategories&post=61023"},{"taxonomy":"post_tag","embeddable":true,"href":"https:\/\/blitzconquista.com.br\/index.php?rest_route=%2Fwp%2Fv2%2Ftags&post=61023"}],"curies":[{"name":"wp","href":"https:\/\/api.w.org\/{rel}","templated":true}]}}