{"id":61356,"date":"2017-07-10T20:15:55","date_gmt":"2017-07-10T23:15:55","guid":{"rendered":"http:\/\/blitzconquista.com.br\/?p=61356"},"modified":"2017-07-10T20:15:56","modified_gmt":"2017-07-10T23:15:56","slug":"relator-da-parecer-favoravel-denuncia-contra-temer-por-corrupcao-passiva","status":"publish","type":"post","link":"https:\/\/blitzconquista.com.br\/?p=61356","title":{"rendered":"Relator d\u00e1 parecer favor\u00e1vel \u00e0 den\u00fancia contra Temer por corrup\u00e7\u00e3o passiva"},"content":{"rendered":"<!--[if lt IE 9]><script>document.createElement('audio');<\/script><![endif]-->\n<audio class=\"wp-audio-shortcode\" id=\"audio-61356-1\" preload=\"none\" style=\"width: 100%;\" controls=\"controls\"><source type=\"audio\/mpeg\" src=\"http:\/\/blitzconquista.com.br\/wp-content\/uploads\/2017\/07\/Relator_da_parecer_favoravel_a_denuncia_contra_Temer_por_corrupcao_passiva.mp3?_=1\" \/><a href=\"http:\/\/blitzconquista.com.br\/wp-content\/uploads\/2017\/07\/Relator_da_parecer_favoravel_a_denuncia_contra_Temer_por_corrupcao_passiva.mp3\">http:\/\/blitzconquista.com.br\/wp-content\/uploads\/2017\/07\/Relator_da_parecer_favoravel_a_denuncia_contra_Temer_por_corrupcao_passiva.mp3<\/a><\/audio>\n<p>O deputado Sergio Zveiter (PMDB-RJ) apresentou parecer favor\u00e1vel \u00e0 admissibilidade da den\u00fancia pelo crime de corrup\u00e7\u00e3o passiva contra o presidente Michel Temer. Zveiter \u00e9 o relator do processo que analisar\u00e1 a aceita\u00e7\u00e3o, ou n\u00e3o, a den\u00fancia apresentada pela Procuradoria-Geral da Rep\u00fablica.<\/p>\n<p>&#8220;Por ora, temos ind\u00edcios que s\u00e3o por si s\u00f3 suficientes para ensejar o recebimento da den\u00fancia. Estamos diante de ind\u00edcios suficientes de materialidade. N\u00e3o \u00e9 fantasiosa a acusa\u00e7\u00e3o, \u00e9 o que temos e deve ser investigada&#8221;, disse Zveiter.<\/p>\n<p>O relator reiterou que aos deputados cabe apenas o papel de autorizar, ou n\u00e3o, a admissibilidade do processo e n\u00e3o julgar o presidente. &#8220;Em face de suspeitas e eventuais ocorr\u00eancias criminais, n\u00e3o podemos silenciar, estamos tratando t\u00e3o somente de um pedido para aceita\u00e7\u00e3o, ou n\u00e3o, da instaura\u00e7\u00e3o de um processo&#8221;, acrescentou.<\/p>\n<p>Zveiter leu seu voto na Comiss\u00e3o de Constitui\u00e7\u00e3o, Justi\u00e7a e Cidadania (CCJ), primeira etapa do tr\u00e2mite da den\u00fancia na C\u00e2mara dos Deputados. O relator do processo na CCJ leu o seu parecer durante 59 minutos, ap\u00f3s um in\u00edcio tumultuado de reuni\u00e3o.<\/p>\n<p>Ressaltando que n\u00e3o cabe \u00e0 C\u00e2mara dos Deputados absolver ou condenar o presidente, e sim admitir a autoriza\u00e7\u00e3o para que ele seja processado, o relator enumerou os ind\u00edcios que, segundo ele, devem ser apurados pelo Judici\u00e1rio: a grava\u00e7\u00e3o da conversa de Temer com o presidente do Grupo JBS, Joesley Batista, o poss\u00edvel recebimento de R$ 500 mil pelo ex-assessor do presidente, Rodrigo Rocha Loures e a regularidade dos encontros de Temer com o empres\u00e1rio.<\/p>\n<p>&#8220;Quanto \u00e0 grava\u00e7\u00e3o, [\u00e9 necess\u00e1rio] descortinar se seu conte\u00fado e di\u00e1logos que cont\u00e9m s\u00e3o ver\u00eddicos e se as provas s\u00e3o concretas. Por ora temos ind\u00edcios. S\u00f3 ao final da instru\u00e7\u00e3o processual, com direito ampla defesa e contradit\u00f3rio, poder\u00e3o lig\u00e1-lo ou n\u00e3o \u00e1 pr\u00e1tica delitiva&#8221;, disse, durante a leitura.<\/p>\n<p>Quanto \u00e0 legalidade da grava\u00e7\u00e3o feita, segundo a defesa do presidente, de forma clandestina, o deputado afirmou que provas consistentes em grava\u00e7\u00e3o ambiental s\u00e3o l\u00edcitas. &#8220;N\u00e3o sou eu que estou dizendo. \u00c9 o Supremo Tribunal Federal que vem decidindo reiteradamente, h\u00e1 20 anos&#8221;, argumentou.<\/p>\n<p>Ao concluir a leitura do voto favor\u00e1vel a autorizar o STF a processar Temer por crime comum, o relator declarou que todos os requisitos foram atendidos para an\u00e1lise da admissibilidade da den\u00fancia e que, caso ela seja aceita, o acusado ter\u00e1 garantidos o contradit\u00f3rio e a ampla defesa. \u201cRecomendo aos colegas o deferimento da autoriza\u00e7\u00e3o com a tranquilidade de que esse caminho n\u00e3o representa qualquer risco ao Estado Democr\u00e1tico de Direito, at\u00e9 porque a Consitui\u00e7\u00e3o indica claramente a solu\u00e7\u00e3o decorrente de tal hip\u00f3tese\u201d, encerrou.<\/p>\n<p>Citando regras estabelecidas pela Constitui\u00e7\u00e3o Federal, com base em interpreta\u00e7\u00f5es do Supremo, o deputado voltou a dizer que cabe \u00e0 C\u00e2mara um\u00a0<a href=\"http:\/\/agenciabrasil.ebc.com.br\/politica\/noticia\/2017-07\/zveiter-le-voto-favoravel-admissibilidade-da-denuncia-contra-temer\" target=\"_blank\" rel=\"noopener\">ju\u00edzo \u201cpredominantemente pol\u00edtico&#8221;\u00a0<\/a>.<\/p>\n<p>Logo ap\u00f3s a leitura do parecer do relator, a defesa de Temer apresentar\u00e1 oralmente seus argumentos pelo mesmo tempo utilizado por Zveiter.<\/p>\n<p><em>*Colaborou Paulo Victor Chagas<\/em><\/p>\n<p>*EBC<\/p>\n","protected":false},"excerpt":{"rendered":"<p>O deputado Sergio Zveiter (PMDB-RJ) apresentou parecer favor\u00e1vel \u00e0 admissibilidade da den\u00fancia pelo crime de corrup\u00e7\u00e3o passiva contra o presidente Michel Temer. Zveiter \u00e9 o relator do processo que analisar\u00e1 a aceita\u00e7\u00e3o, ou n\u00e3o, a den\u00fancia apresentada pela Procuradoria-Geral da Rep\u00fablica. &#8220;Por ora, temos ind\u00edcios que s\u00e3o por si s\u00f3 suficientes para ensejar o recebimento [&hellip;]<\/p>\n","protected":false},"author":1,"featured_media":61358,"comment_status":"closed","ping_status":"closed","sticky":false,"template":"","format":"standard","meta":[],"categories":[5],"tags":[],"_links":{"self":[{"href":"https:\/\/blitzconquista.com.br\/index.php?rest_route=\/wp\/v2\/posts\/61356"}],"collection":[{"href":"https:\/\/blitzconquista.com.br\/index.php?rest_route=\/wp\/v2\/posts"}],"about":[{"href":"https:\/\/blitzconquista.com.br\/index.php?rest_route=\/wp\/v2\/types\/post"}],"author":[{"embeddable":true,"href":"https:\/\/blitzconquista.com.br\/index.php?rest_route=\/wp\/v2\/users\/1"}],"replies":[{"embeddable":true,"href":"https:\/\/blitzconquista.com.br\/index.php?rest_route=%2Fwp%2Fv2%2Fcomments&post=61356"}],"version-history":[{"count":1,"href":"https:\/\/blitzconquista.com.br\/index.php?rest_route=\/wp\/v2\/posts\/61356\/revisions"}],"predecessor-version":[{"id":61359,"href":"https:\/\/blitzconquista.com.br\/index.php?rest_route=\/wp\/v2\/posts\/61356\/revisions\/61359"}],"wp:featuredmedia":[{"embeddable":true,"href":"https:\/\/blitzconquista.com.br\/index.php?rest_route=\/wp\/v2\/media\/61358"}],"wp:attachment":[{"href":"https:\/\/blitzconquista.com.br\/index.php?rest_route=%2Fwp%2Fv2%2Fmedia&parent=61356"}],"wp:term":[{"taxonomy":"category","embeddable":true,"href":"https:\/\/blitzconquista.com.br\/index.php?rest_route=%2Fwp%2Fv2%2Fcategories&post=61356"},{"taxonomy":"post_tag","embeddable":true,"href":"https:\/\/blitzconquista.com.br\/index.php?rest_route=%2Fwp%2Fv2%2Ftags&post=61356"}],"curies":[{"name":"wp","href":"https:\/\/api.w.org\/{rel}","templated":true}]}}