{"id":61361,"date":"2017-07-10T20:19:48","date_gmt":"2017-07-10T23:19:48","guid":{"rendered":"http:\/\/blitzconquista.com.br\/?p=61361"},"modified":"2017-07-10T20:19:48","modified_gmt":"2017-07-10T23:19:48","slug":"municipio-pretende-regulamentar-abertura-de-loteamentos-na-zona-rural","status":"publish","type":"post","link":"https:\/\/blitzconquista.com.br\/?p=61361","title":{"rendered":"Munic\u00edpio pretende regulamentar abertura de loteamentos na Zona Rural"},"content":{"rendered":"<p>O Governo Municipal est\u00e1 elaborando um projeto de lei para o ordenamento dos loteamentos na Zona Rural de Vit\u00f3ria da Conquista.<\/p>\n<p>No in\u00edcio de agosto, depois do recesso da C\u00e2mara de Vereadores, a Administra\u00e7\u00e3o Municipal enviar\u00e1 o projeto de lei \u00e0 Casa a fim de que seja aprovado. As secretarias de Infraestrutura, Meio Ambiente e Agricultura e Desenvolvimento Rural, desde o in\u00edcio da gest\u00e3o, tem se debru\u00e7ado em estudos e levantamentos sobre a prolifera\u00e7\u00e3o dos loteamentos no interior do Munic\u00edpio.<\/p>\n<p>O secret\u00e1rio de Infraestrutura, Jos\u00e9 Antonio Vieira, esclarece que para libera\u00e7\u00e3o de um loteamento na zona urbana \u00e9 preciso seguir todos os crit\u00e9rios dos c\u00f3digos de Obras, de Posturas e de Meio Ambiente. \u201cE esses loteamentos que est\u00e3o sendo abertos no interior n\u00e3o seguem nenhum tipo de legisla\u00e7\u00e3o. Com isso, estamos muito preocupados\u201d, observou Vieira.<\/p>\n<p>\u201cCada loteamento desse \u00e9 uma demanda maior de \u00e1gua pot\u00e1vel, de estrada, de energia, al\u00e9m das \u00e1reas de preserva\u00e7\u00e3o. Essa \u00e9 a preocupa\u00e7\u00e3o. Mas vamos dialogar com os propriet\u00e1rios. N\u00e3o queremos proibir, apenas regulamentar\u201d, declarou o secret\u00e1rio de Agricultura e Desenvolvimento Rural, Arlindo Rebou\u00e7as.<\/p>\n<p>A Prefeitura tamb\u00e9m vai solicitar aos cart\u00f3rios da Comarca de Vit\u00f3ria da Conquista que evitem fornecer documenta\u00e7\u00e3o para este tipo de empreendimento.<\/p>\n<p>*Secom PMVC<\/p>\n","protected":false},"excerpt":{"rendered":"<p>O Governo Municipal est\u00e1 elaborando um projeto de lei para o ordenamento dos loteamentos na Zona Rural de Vit\u00f3ria da Conquista. No in\u00edcio de agosto, depois do recesso da C\u00e2mara de Vereadores, a Administra\u00e7\u00e3o Municipal enviar\u00e1 o projeto de lei \u00e0 Casa a fim de que seja aprovado. As secretarias de Infraestrutura, Meio Ambiente e [&hellip;]<\/p>\n","protected":false},"author":1,"featured_media":61362,"comment_status":"closed","ping_status":"closed","sticky":false,"template":"","format":"standard","meta":[],"categories":[5],"tags":[],"_links":{"self":[{"href":"https:\/\/blitzconquista.com.br\/index.php?rest_route=\/wp\/v2\/posts\/61361"}],"collection":[{"href":"https:\/\/blitzconquista.com.br\/index.php?rest_route=\/wp\/v2\/posts"}],"about":[{"href":"https:\/\/blitzconquista.com.br\/index.php?rest_route=\/wp\/v2\/types\/post"}],"author":[{"embeddable":true,"href":"https:\/\/blitzconquista.com.br\/index.php?rest_route=\/wp\/v2\/users\/1"}],"replies":[{"embeddable":true,"href":"https:\/\/blitzconquista.com.br\/index.php?rest_route=%2Fwp%2Fv2%2Fcomments&post=61361"}],"version-history":[{"count":1,"href":"https:\/\/blitzconquista.com.br\/index.php?rest_route=\/wp\/v2\/posts\/61361\/revisions"}],"predecessor-version":[{"id":61363,"href":"https:\/\/blitzconquista.com.br\/index.php?rest_route=\/wp\/v2\/posts\/61361\/revisions\/61363"}],"wp:featuredmedia":[{"embeddable":true,"href":"https:\/\/blitzconquista.com.br\/index.php?rest_route=\/wp\/v2\/media\/61362"}],"wp:attachment":[{"href":"https:\/\/blitzconquista.com.br\/index.php?rest_route=%2Fwp%2Fv2%2Fmedia&parent=61361"}],"wp:term":[{"taxonomy":"category","embeddable":true,"href":"https:\/\/blitzconquista.com.br\/index.php?rest_route=%2Fwp%2Fv2%2Fcategories&post=61361"},{"taxonomy":"post_tag","embeddable":true,"href":"https:\/\/blitzconquista.com.br\/index.php?rest_route=%2Fwp%2Fv2%2Ftags&post=61361"}],"curies":[{"name":"wp","href":"https:\/\/api.w.org\/{rel}","templated":true}]}}