{"id":61413,"date":"2017-07-11T19:58:57","date_gmt":"2017-07-11T22:58:57","guid":{"rendered":"http:\/\/blitzconquista.com.br\/?p=61413"},"modified":"2017-07-11T19:58:57","modified_gmt":"2017-07-11T22:58:57","slug":"racionamento-chega-ao-fim-em-vitoria-da-conquista","status":"publish","type":"post","link":"https:\/\/blitzconquista.com.br\/?p=61413","title":{"rendered":"Racionamento chega ao fim em Vit\u00f3ria da Conquista"},"content":{"rendered":"<p>O fim do racionamento estava previsto para ser anunciado no m\u00eas de setembro. Nessa ter\u00e7a, 11, o governador Rui Costa interveio junto a Embasa e ordenou que fosse dado fim ao racionamento de \u00e1gua em Vit\u00f3ria da Conquista.<\/p>\n<p>A sangria de \u00e1gua nas barragens \u00c1gua Fria 1 e 2, demonstravam que, pelo menos, momentaneamente n\u00e3o h\u00e1 motivos para que a popula\u00e7\u00e3o da cidade sofra com a falta d\u2019\u00e1gua.<\/p>\n","protected":false},"excerpt":{"rendered":"<p>O fim do racionamento estava previsto para ser anunciado no m\u00eas de setembro. Nessa ter\u00e7a, 11, o governador Rui Costa interveio junto a Embasa e ordenou que fosse dado fim ao racionamento de \u00e1gua em Vit\u00f3ria da Conquista. A sangria de \u00e1gua nas barragens \u00c1gua Fria 1 e 2, demonstravam que, pelo menos, momentaneamente n\u00e3o [&hellip;]<\/p>\n","protected":false},"author":1,"featured_media":61414,"comment_status":"closed","ping_status":"closed","sticky":false,"template":"","format":"standard","meta":[],"categories":[212,5],"tags":[],"_links":{"self":[{"href":"https:\/\/blitzconquista.com.br\/index.php?rest_route=\/wp\/v2\/posts\/61413"}],"collection":[{"href":"https:\/\/blitzconquista.com.br\/index.php?rest_route=\/wp\/v2\/posts"}],"about":[{"href":"https:\/\/blitzconquista.com.br\/index.php?rest_route=\/wp\/v2\/types\/post"}],"author":[{"embeddable":true,"href":"https:\/\/blitzconquista.com.br\/index.php?rest_route=\/wp\/v2\/users\/1"}],"replies":[{"embeddable":true,"href":"https:\/\/blitzconquista.com.br\/index.php?rest_route=%2Fwp%2Fv2%2Fcomments&post=61413"}],"version-history":[{"count":1,"href":"https:\/\/blitzconquista.com.br\/index.php?rest_route=\/wp\/v2\/posts\/61413\/revisions"}],"predecessor-version":[{"id":61416,"href":"https:\/\/blitzconquista.com.br\/index.php?rest_route=\/wp\/v2\/posts\/61413\/revisions\/61416"}],"wp:featuredmedia":[{"embeddable":true,"href":"https:\/\/blitzconquista.com.br\/index.php?rest_route=\/wp\/v2\/media\/61414"}],"wp:attachment":[{"href":"https:\/\/blitzconquista.com.br\/index.php?rest_route=%2Fwp%2Fv2%2Fmedia&parent=61413"}],"wp:term":[{"taxonomy":"category","embeddable":true,"href":"https:\/\/blitzconquista.com.br\/index.php?rest_route=%2Fwp%2Fv2%2Fcategories&post=61413"},{"taxonomy":"post_tag","embeddable":true,"href":"https:\/\/blitzconquista.com.br\/index.php?rest_route=%2Fwp%2Fv2%2Ftags&post=61413"}],"curies":[{"name":"wp","href":"https:\/\/api.w.org\/{rel}","templated":true}]}}