{"id":61417,"date":"2017-07-12T08:03:34","date_gmt":"2017-07-12T11:03:34","guid":{"rendered":"http:\/\/blitzconquista.com.br\/?p=61417"},"modified":"2017-07-12T08:04:22","modified_gmt":"2017-07-12T11:04:22","slug":"corte-de-verbas-contingenciamento-prejudica-acao-da-prf-em-conquista-e-regiao","status":"publish","type":"post","link":"https:\/\/blitzconquista.com.br\/?p=61417","title":{"rendered":"Corte de verbas: contingenciamento prejudica a\u00e7\u00e3o da PRF em Conquista e regi\u00e3o"},"content":{"rendered":"<p>Com os cortes de verbas, a Pol\u00edcia Rodovi\u00e1ria Federal foi obrigada a realizar contingenciamento em todo pa\u00eds. Em Vit\u00f3ria da Conquista e regi\u00e3o, os cortes refletem diretamente.<\/p>\n<p>De acordo com Ramalho Filho, inspetor chefe da 8\u00aa delegacia da pol\u00edcia rodovi\u00e1ria federal de Vit\u00f3ria da Conquista, o contingenciamento afetar\u00e1, principalmente, o deslocamento das vitauras. Por conta disso os deslocamentos ser\u00e3o redimensionados.<\/p>\n<p>A PRF s\u00f3 atender\u00e1 ocorr\u00eancias consideradas graves, a exemplo de acidentes com v\u00edtimas, a\u00e7\u00f5es criminosas e bloqueio de pistas.<\/p>\n<p>O patrulhamento preventivo est\u00e1 suspenso, o que pode comprometer a seguran\u00e7a no Anel Rodovi\u00e1rio e Av. Integra\u00e7\u00e3o. Tamb\u00e9m houve corte de terceirizados, pessoal de apoio \u00e0 limpeza e dispensa de estagi\u00e1rios.<\/p>\n<p>Para economizar insumos e energia el\u00e9trica, o hor\u00e1rio de atendimento ao p\u00fablico ser\u00e1 reduzido para seis horas di\u00e1rias. O funcionamento ocorre das 8h \u00e0s 14.<\/p>\n<p>Mesmo com os cortes, o chefe da delegacia da PRF em Conquista, afirma que fiscaliza\u00e7\u00f5es consideradas estrat\u00e9gicas e especiais continuam, a exemplo das opera\u00e7\u00f5es de combate ao tr\u00e1fico de drogas, armas e ve\u00edculos roubados, ainda que tenham sua amplitude reduzida.<\/p>\n","protected":false},"excerpt":{"rendered":"<p>Com os cortes de verbas, a Pol\u00edcia Rodovi\u00e1ria Federal foi obrigada a realizar contingenciamento em todo pa\u00eds. Em Vit\u00f3ria da Conquista e regi\u00e3o, os cortes refletem diretamente. De acordo com Ramalho Filho, inspetor chefe da 8\u00aa delegacia da pol\u00edcia rodovi\u00e1ria federal de Vit\u00f3ria da Conquista, o contingenciamento afetar\u00e1, principalmente, o deslocamento das vitauras. Por conta [&hellip;]<\/p>\n","protected":false},"author":1,"featured_media":61365,"comment_status":"closed","ping_status":"closed","sticky":false,"template":"","format":"standard","meta":[],"categories":[212,7],"tags":[],"_links":{"self":[{"href":"https:\/\/blitzconquista.com.br\/index.php?rest_route=\/wp\/v2\/posts\/61417"}],"collection":[{"href":"https:\/\/blitzconquista.com.br\/index.php?rest_route=\/wp\/v2\/posts"}],"about":[{"href":"https:\/\/blitzconquista.com.br\/index.php?rest_route=\/wp\/v2\/types\/post"}],"author":[{"embeddable":true,"href":"https:\/\/blitzconquista.com.br\/index.php?rest_route=\/wp\/v2\/users\/1"}],"replies":[{"embeddable":true,"href":"https:\/\/blitzconquista.com.br\/index.php?rest_route=%2Fwp%2Fv2%2Fcomments&post=61417"}],"version-history":[{"count":2,"href":"https:\/\/blitzconquista.com.br\/index.php?rest_route=\/wp\/v2\/posts\/61417\/revisions"}],"predecessor-version":[{"id":61419,"href":"https:\/\/blitzconquista.com.br\/index.php?rest_route=\/wp\/v2\/posts\/61417\/revisions\/61419"}],"wp:featuredmedia":[{"embeddable":true,"href":"https:\/\/blitzconquista.com.br\/index.php?rest_route=\/wp\/v2\/media\/61365"}],"wp:attachment":[{"href":"https:\/\/blitzconquista.com.br\/index.php?rest_route=%2Fwp%2Fv2%2Fmedia&parent=61417"}],"wp:term":[{"taxonomy":"category","embeddable":true,"href":"https:\/\/blitzconquista.com.br\/index.php?rest_route=%2Fwp%2Fv2%2Fcategories&post=61417"},{"taxonomy":"post_tag","embeddable":true,"href":"https:\/\/blitzconquista.com.br\/index.php?rest_route=%2Fwp%2Fv2%2Ftags&post=61417"}],"curies":[{"name":"wp","href":"https:\/\/api.w.org\/{rel}","templated":true}]}}