{"id":61472,"date":"2017-07-14T06:41:08","date_gmt":"2017-07-14T09:41:08","guid":{"rendered":"http:\/\/blitzconquista.com.br\/?p=61472"},"modified":"2017-07-14T06:41:08","modified_gmt":"2017-07-14T09:41:08","slug":"rodrigo-maia-marca-para-2-de-agosto-votacao-da-denuncia-contra-temer-no-plenario","status":"publish","type":"post","link":"https:\/\/blitzconquista.com.br\/?p=61472","title":{"rendered":"Rodrigo Maia marca para 2 de agosto vota\u00e7\u00e3o da den\u00fancia contra Temer no plen\u00e1rio"},"content":{"rendered":"<p>O presidente da C\u00e2mara, Rodrigo Maia, anunciou que a vota\u00e7\u00e3o do parecer contr\u00e1rio ao prosseguimento da den\u00fancia contra Michel Temer ocorer\u00e1 no proximo dia 2 de agosto, ap\u00f3s o recesso parlamentar. De acordo com ele, a decis\u00e3o foi tomada ap\u00f3s um acordo feito com as lideran\u00e7as do governo e da oposi\u00e7\u00e3o, logo depois de ter sido aprovado na Comiss\u00e3o de Constitui\u00e7\u00e3o e Justi\u00e7a (CCJ) o relat\u00f3rio que recomenda o arquivamento da den\u00fancia apresentada pela Procuradoria-Geral da Rep\u00fablica (PGR) contra o presidente Michel Temer pelo crime de corrup\u00e7\u00e3o passiva.<\/p>\n<p>O entendimento das lideran\u00e7as, segundo Maia, \u00e9 que nao haveria qu\u00f3rum para que a vota\u00e7\u00e3o fosse aberta nesta sexta (14) e nem na pr\u00f3xima segunda-feira (17), quando se inicia o recesso. &#8220;Eu estava disposto a votar na segunda, mas os l\u00edderes da oposi\u00e7\u00e3o e do governo optaram pelo dia 2 de agosto&#8221;, disse.<\/p>\n<p>Para que a C\u00e2mara autorize que a den\u00fancia apresentada pela PGR seja analisada pelo Supremo Tribunal Federal (STF), s\u00e3o necess\u00e1rios os votos de dois ter\u00e7os da Casa, o que representa 342 deputados. De acordo com o presidente, a vota\u00e7\u00e3o pode ser iniciada assim que 342 dos 513 deputados estiverem presentes em plen\u00e1rio.<\/p>\n<p>A sess\u00e3o est\u00e1 marcada para ter in\u00edcio \u00e0s 9h. &#8220;Espero que no dia 2 e agosto \u00e0 noite a gente possa ter esse asusnto encerrado&#8221;, disse o presidente. Maia explicou ainda que, antes da vota\u00e7\u00e3o, dever\u00e3o ser dados 25 minutos para que o relator do parecer e a defesa do presidente exponham seus argumentos novamente.<\/p>\n<p><strong>CCJ<\/strong><\/p>\n<p>Na tarde de hoje (13), a CCJ votou dois pareceres diferentes a respeito da den\u00fancia apresentada pela PGR contra Temer. O primeiro, de autoria de Sergio Zveiter (PMDB-RJ), era a favor da admissibilidade da den\u00fancia e foi\u00a0rejeitado\u00a0por 40 votos a 25. J\u00e1 o segundo parecer pelo arquivamento da den\u00fancia, apresentado pelo deputado Paulo Abi-Ackel (PSDB-MG), foi\u00a0aprovado\u00a0por 41 votos a 24.<\/p>\n<p>EBC<\/p>\n","protected":false},"excerpt":{"rendered":"<p>O presidente da C\u00e2mara, Rodrigo Maia, anunciou que a vota\u00e7\u00e3o do parecer contr\u00e1rio ao prosseguimento da den\u00fancia contra Michel Temer ocorer\u00e1 no proximo dia 2 de agosto, ap\u00f3s o recesso parlamentar. De acordo com ele, a decis\u00e3o foi tomada ap\u00f3s um acordo feito com as lideran\u00e7as do governo e da oposi\u00e7\u00e3o, logo depois de ter [&hellip;]<\/p>\n","protected":false},"author":1,"featured_media":61473,"comment_status":"closed","ping_status":"closed","sticky":false,"template":"","format":"standard","meta":[],"categories":[5],"tags":[],"_links":{"self":[{"href":"https:\/\/blitzconquista.com.br\/index.php?rest_route=\/wp\/v2\/posts\/61472"}],"collection":[{"href":"https:\/\/blitzconquista.com.br\/index.php?rest_route=\/wp\/v2\/posts"}],"about":[{"href":"https:\/\/blitzconquista.com.br\/index.php?rest_route=\/wp\/v2\/types\/post"}],"author":[{"embeddable":true,"href":"https:\/\/blitzconquista.com.br\/index.php?rest_route=\/wp\/v2\/users\/1"}],"replies":[{"embeddable":true,"href":"https:\/\/blitzconquista.com.br\/index.php?rest_route=%2Fwp%2Fv2%2Fcomments&post=61472"}],"version-history":[{"count":1,"href":"https:\/\/blitzconquista.com.br\/index.php?rest_route=\/wp\/v2\/posts\/61472\/revisions"}],"predecessor-version":[{"id":61474,"href":"https:\/\/blitzconquista.com.br\/index.php?rest_route=\/wp\/v2\/posts\/61472\/revisions\/61474"}],"wp:featuredmedia":[{"embeddable":true,"href":"https:\/\/blitzconquista.com.br\/index.php?rest_route=\/wp\/v2\/media\/61473"}],"wp:attachment":[{"href":"https:\/\/blitzconquista.com.br\/index.php?rest_route=%2Fwp%2Fv2%2Fmedia&parent=61472"}],"wp:term":[{"taxonomy":"category","embeddable":true,"href":"https:\/\/blitzconquista.com.br\/index.php?rest_route=%2Fwp%2Fv2%2Fcategories&post=61472"},{"taxonomy":"post_tag","embeddable":true,"href":"https:\/\/blitzconquista.com.br\/index.php?rest_route=%2Fwp%2Fv2%2Ftags&post=61472"}],"curies":[{"name":"wp","href":"https:\/\/api.w.org\/{rel}","templated":true}]}}