{"id":61500,"date":"2017-07-16T21:55:11","date_gmt":"2017-07-17T00:55:11","guid":{"rendered":"http:\/\/blitzconquista.com.br\/?p=61500"},"modified":"2017-07-16T21:55:11","modified_gmt":"2017-07-17T00:55:11","slug":"homem-morre-em-acidente-e-e-carbonizado-em-colisao-frontal-na-br-116","status":"publish","type":"post","link":"https:\/\/blitzconquista.com.br\/?p=61500","title":{"rendered":"Homem morre em acidente e \u00e9 carbonizado em colis\u00e3o frontal na BR 116"},"content":{"rendered":"<p>Uma colis\u00e3o frontal entre um carro de passeio e uma carreta, no km 850 da BR 116, na noite desse s\u00e1bado, 15, resultou na morte do condutor do carro de passeio.<\/p>\n<p><img decoding=\"async\" loading=\"lazy\" class=\"size-large wp-image-61506 aligncenter\" src=\"http:\/\/blitzconquista.com.br\/wp-content\/uploads\/2017\/07\/DSC_0480_16-07-2017-695x461.jpg\" alt=\"\" width=\"695\" height=\"461\" srcset=\"https:\/\/blitzconquista.com.br\/wp-content\/uploads\/2017\/07\/DSC_0480_16-07-2017-695x461.jpg 695w, https:\/\/blitzconquista.com.br\/wp-content\/uploads\/2017\/07\/DSC_0480_16-07-2017-300x200.jpg 300w, https:\/\/blitzconquista.com.br\/wp-content\/uploads\/2017\/07\/DSC_0480_16-07-2017-768x509.jpg 768w, https:\/\/blitzconquista.com.br\/wp-content\/uploads\/2017\/07\/DSC_0480_16-07-2017-414x276.jpg 414w, https:\/\/blitzconquista.com.br\/wp-content\/uploads\/2017\/07\/DSC_0480_16-07-2017-470x313.jpg 470w, https:\/\/blitzconquista.com.br\/wp-content\/uploads\/2017\/07\/DSC_0480_16-07-2017-640x426.jpg 640w, https:\/\/blitzconquista.com.br\/wp-content\/uploads\/2017\/07\/DSC_0480_16-07-2017-130x86.jpg 130w, https:\/\/blitzconquista.com.br\/wp-content\/uploads\/2017\/07\/DSC_0480_16-07-2017-187x124.jpg 187w, https:\/\/blitzconquista.com.br\/wp-content\/uploads\/2017\/07\/DSC_0480_16-07-2017.jpg 990w\" sizes=\"(max-width: 695px) 100vw, 695px\" \/><\/p>\n<p>A carreta seguia sentido Vit\u00f3ria da Conquista. O VW Gol trafegava no sentido oposto, em dire\u00e7\u00e3o a C\u00e2ndido Sales, quando tentou realizar uma ultrapassagem indevida numa curva e bateu de frente na carreta.<\/p>\n<div id='gallery-1' class='gallery galleryid-61500 gallery-columns-2 gallery-size-herald-lay-a'><figure class='gallery-item'>\n\t\t\t<div class='gallery-icon landscape'>\n\t\t\t\t<a class=\"herald-popup\" href='https:\/\/blitzconquista.com.br\/wp-content\/uploads\/2017\/07\/DSC_0479_16-07-2017.jpg'><img width=\"990\" height=\"556\" src=\"https:\/\/blitzconquista.com.br\/wp-content\/uploads\/2017\/07\/DSC_0479_16-07-2017-990x556.jpg\" class=\"attachment-herald-lay-a size-herald-lay-a\" alt=\"\" decoding=\"async\" loading=\"lazy\" srcset=\"https:\/\/blitzconquista.com.br\/wp-content\/uploads\/2017\/07\/DSC_0479_16-07-2017-990x556.jpg 990w, https:\/\/blitzconquista.com.br\/wp-content\/uploads\/2017\/07\/DSC_0479_16-07-2017-470x264.jpg 470w, https:\/\/blitzconquista.com.br\/wp-content\/uploads\/2017\/07\/DSC_0479_16-07-2017-640x360.jpg 640w, https:\/\/blitzconquista.com.br\/wp-content\/uploads\/2017\/07\/DSC_0479_16-07-2017-215x120.jpg 215w, https:\/\/blitzconquista.com.br\/wp-content\/uploads\/2017\/07\/DSC_0479_16-07-2017-300x168.jpg 300w, https:\/\/blitzconquista.com.br\/wp-content\/uploads\/2017\/07\/DSC_0479_16-07-2017-414x232.jpg 414w\" sizes=\"(max-width: 990px) 100vw, 990px\" \/><\/a>\n\t\t\t<\/div><\/figure><figure class='gallery-item'>\n\t\t\t<div class='gallery-icon landscape'>\n\t\t\t\t<a class=\"herald-popup\" href='https:\/\/blitzconquista.com.br\/wp-content\/uploads\/2017\/07\/DSC_0475_16-07-2017.jpg'><img width=\"990\" height=\"556\" src=\"https:\/\/blitzconquista.com.br\/wp-content\/uploads\/2017\/07\/DSC_0475_16-07-2017-990x556.jpg\" class=\"attachment-herald-lay-a size-herald-lay-a\" alt=\"\" decoding=\"async\" loading=\"lazy\" srcset=\"https:\/\/blitzconquista.com.br\/wp-content\/uploads\/2017\/07\/DSC_0475_16-07-2017-990x556.jpg 990w, https:\/\/blitzconquista.com.br\/wp-content\/uploads\/2017\/07\/DSC_0475_16-07-2017-470x264.jpg 470w, https:\/\/blitzconquista.com.br\/wp-content\/uploads\/2017\/07\/DSC_0475_16-07-2017-640x360.jpg 640w, https:\/\/blitzconquista.com.br\/wp-content\/uploads\/2017\/07\/DSC_0475_16-07-2017-215x120.jpg 215w, https:\/\/blitzconquista.com.br\/wp-content\/uploads\/2017\/07\/DSC_0475_16-07-2017-300x168.jpg 300w, https:\/\/blitzconquista.com.br\/wp-content\/uploads\/2017\/07\/DSC_0475_16-07-2017-414x232.jpg 414w\" sizes=\"(max-width: 990px) 100vw, 990px\" \/><\/a>\n\t\t\t<\/div><\/figure>\n\t\t<\/div>\n\n<p>Na hora o ve\u00edculo pegou fogo. Por sorte o motorista da carreta conseguiu dar r\u00e9 e afastar-se do fogo.<\/p>\n<p>O condutor do carro de passeio ficou preso as ferragens e teve o corpo carbonizado.<\/p>\n<div id='gallery-2' class='gallery galleryid-61500 gallery-columns-2 gallery-size-herald-lay-a'><figure class='gallery-item'>\n\t\t\t<div class='gallery-icon landscape'>\n\t\t\t\t<a class=\"herald-popup\" href='https:\/\/blitzconquista.com.br\/wp-content\/uploads\/2017\/07\/DSC_0478_16-07-2017.jpg'><img width=\"990\" height=\"556\" src=\"https:\/\/blitzconquista.com.br\/wp-content\/uploads\/2017\/07\/DSC_0478_16-07-2017-990x556.jpg\" class=\"attachment-herald-lay-a size-herald-lay-a\" alt=\"\" decoding=\"async\" loading=\"lazy\" srcset=\"https:\/\/blitzconquista.com.br\/wp-content\/uploads\/2017\/07\/DSC_0478_16-07-2017-990x556.jpg 990w, https:\/\/blitzconquista.com.br\/wp-content\/uploads\/2017\/07\/DSC_0478_16-07-2017-470x264.jpg 470w, https:\/\/blitzconquista.com.br\/wp-content\/uploads\/2017\/07\/DSC_0478_16-07-2017-640x360.jpg 640w, https:\/\/blitzconquista.com.br\/wp-content\/uploads\/2017\/07\/DSC_0478_16-07-2017-215x120.jpg 215w, https:\/\/blitzconquista.com.br\/wp-content\/uploads\/2017\/07\/DSC_0478_16-07-2017-300x168.jpg 300w, https:\/\/blitzconquista.com.br\/wp-content\/uploads\/2017\/07\/DSC_0478_16-07-2017-414x232.jpg 414w\" sizes=\"(max-width: 990px) 100vw, 990px\" \/><\/a>\n\t\t\t<\/div><\/figure><figure class='gallery-item'>\n\t\t\t<div class='gallery-icon landscape'>\n\t\t\t\t<a class=\"herald-popup\" href='https:\/\/blitzconquista.com.br\/wp-content\/uploads\/2017\/07\/DSC_0474_16-07-2017.jpg'><img width=\"990\" height=\"556\" src=\"https:\/\/blitzconquista.com.br\/wp-content\/uploads\/2017\/07\/DSC_0474_16-07-2017-990x556.jpg\" class=\"attachment-herald-lay-a size-herald-lay-a\" alt=\"\" decoding=\"async\" loading=\"lazy\" srcset=\"https:\/\/blitzconquista.com.br\/wp-content\/uploads\/2017\/07\/DSC_0474_16-07-2017-990x556.jpg 990w, https:\/\/blitzconquista.com.br\/wp-content\/uploads\/2017\/07\/DSC_0474_16-07-2017-470x264.jpg 470w, https:\/\/blitzconquista.com.br\/wp-content\/uploads\/2017\/07\/DSC_0474_16-07-2017-640x360.jpg 640w, https:\/\/blitzconquista.com.br\/wp-content\/uploads\/2017\/07\/DSC_0474_16-07-2017-215x120.jpg 215w, https:\/\/blitzconquista.com.br\/wp-content\/uploads\/2017\/07\/DSC_0474_16-07-2017-300x168.jpg 300w, https:\/\/blitzconquista.com.br\/wp-content\/uploads\/2017\/07\/DSC_0474_16-07-2017-414x232.jpg 414w\" sizes=\"(max-width: 990px) 100vw, 990px\" \/><\/a>\n\t\t\t<\/div><\/figure>\n\t\t<\/div>\n\n<p>Ap\u00f3s realiza\u00e7\u00e3o da per\u00edcia t\u00e9cnica o corpo foi encaminhado ao Instituo M\u00e9dico Legal de Vit\u00f3ria da Conquista.<\/p>\n","protected":false},"excerpt":{"rendered":"<p>Uma colis\u00e3o frontal entre um carro de passeio e uma carreta, no km 850 da BR 116, na noite desse s\u00e1bado, 15, resultou na morte do condutor do carro de passeio. A carreta seguia sentido Vit\u00f3ria da Conquista. O VW Gol trafegava no sentido oposto, em dire\u00e7\u00e3o a C\u00e2ndido Sales, quando tentou realizar uma ultrapassagem [&hellip;]<\/p>\n","protected":false},"author":1,"featured_media":61503,"comment_status":"closed","ping_status":"closed","sticky":false,"template":"","format":"standard","meta":[],"categories":[212,7],"tags":[],"_links":{"self":[{"href":"https:\/\/blitzconquista.com.br\/index.php?rest_route=\/wp\/v2\/posts\/61500"}],"collection":[{"href":"https:\/\/blitzconquista.com.br\/index.php?rest_route=\/wp\/v2\/posts"}],"about":[{"href":"https:\/\/blitzconquista.com.br\/index.php?rest_route=\/wp\/v2\/types\/post"}],"author":[{"embeddable":true,"href":"https:\/\/blitzconquista.com.br\/index.php?rest_route=\/wp\/v2\/users\/1"}],"replies":[{"embeddable":true,"href":"https:\/\/blitzconquista.com.br\/index.php?rest_route=%2Fwp%2Fv2%2Fcomments&post=61500"}],"version-history":[{"count":1,"href":"https:\/\/blitzconquista.com.br\/index.php?rest_route=\/wp\/v2\/posts\/61500\/revisions"}],"predecessor-version":[{"id":61507,"href":"https:\/\/blitzconquista.com.br\/index.php?rest_route=\/wp\/v2\/posts\/61500\/revisions\/61507"}],"wp:featuredmedia":[{"embeddable":true,"href":"https:\/\/blitzconquista.com.br\/index.php?rest_route=\/wp\/v2\/media\/61503"}],"wp:attachment":[{"href":"https:\/\/blitzconquista.com.br\/index.php?rest_route=%2Fwp%2Fv2%2Fmedia&parent=61500"}],"wp:term":[{"taxonomy":"category","embeddable":true,"href":"https:\/\/blitzconquista.com.br\/index.php?rest_route=%2Fwp%2Fv2%2Fcategories&post=61500"},{"taxonomy":"post_tag","embeddable":true,"href":"https:\/\/blitzconquista.com.br\/index.php?rest_route=%2Fwp%2Fv2%2Ftags&post=61500"}],"curies":[{"name":"wp","href":"https:\/\/api.w.org\/{rel}","templated":true}]}}