{"id":61530,"date":"2017-07-17T07:30:57","date_gmt":"2017-07-17T10:30:57","guid":{"rendered":"http:\/\/blitzconquista.com.br\/?p=61530"},"modified":"2017-07-17T07:34:18","modified_gmt":"2017-07-17T10:34:18","slug":"cidade-vai-virar-um-inferno-se-prefeitura-tirar-urgencia-e-emergencia-do-unimec-dispara-radialista","status":"publish","type":"post","link":"https:\/\/blitzconquista.com.br\/?p=61530","title":{"rendered":"A cidade vai virar um inferno, se a prefeitura tirar Urg\u00eancia e Emerg\u00eancia do Unimec, dispara radialista"},"content":{"rendered":"<!--[if lt IE 9]><script>document.createElement('audio');<\/script><![endif]-->\n<audio class=\"wp-audio-shortcode\" id=\"audio-61530-1\" preload=\"none\" style=\"width: 100%;\" controls=\"controls\"><source type=\"audio\/mpeg\" src=\"http:\/\/blitzconquista.com.br\/wp-content\/uploads\/2017\/07\/DEUSDETE-COMENTA-ATENDIMENTO-SUS-UNIMEC.mp3?_=1\" \/><a href=\"http:\/\/blitzconquista.com.br\/wp-content\/uploads\/2017\/07\/DEUSDETE-COMENTA-ATENDIMENTO-SUS-UNIMEC.mp3\">http:\/\/blitzconquista.com.br\/wp-content\/uploads\/2017\/07\/DEUSDETE-COMENTA-ATENDIMENTO-SUS-UNIMEC.mp3<\/a><\/audio>\n<p>A Prefeitura de Vit\u00f3ria da Conquista deve interromper o contrato para atendimento de urg\u00eancia e emerg\u00eancia no hospital Unimec. A informa\u00e7\u00e3o foi divulgada pelo editorialista Deusdete Dias, no programa Reda\u00e7\u00e3o Brasil, na manh\u00e3 dessa segunda, 17.<\/p>\n<p>Segundo Deusdete, a decis\u00e3o da Prefeitura ir\u00e1 prejudicar a estrutura de atendimento de urg\u00eancia e emerg\u00eancia em toda cidade.<\/p>\n<p>O veredito ir\u00e1 afetar diretamente a UPA e o atendimento do Hospital S\u00e3o Vicente, que devem ficar sobrecarregados.<\/p>\n<p>O radialista ainda repreendeu a decis\u00e3o da Administra\u00e7\u00e3o Municipal, que teria como compromisso de campanha o di\u00e1logo.<\/p>\n<p>A suspens\u00e3o deve entrar em vigor no dia 29 de julho, caso a Prefeitura n\u00e3o entre em acordo com o hospital.<\/p>\n","protected":false},"excerpt":{"rendered":"<p>A Prefeitura de Vit\u00f3ria da Conquista deve interromper o contrato para atendimento de urg\u00eancia e emerg\u00eancia no hospital Unimec. A informa\u00e7\u00e3o foi divulgada pelo editorialista Deusdete Dias, no programa Reda\u00e7\u00e3o Brasil, na manh\u00e3 dessa segunda, 17. Segundo Deusdete, a decis\u00e3o da Prefeitura ir\u00e1 prejudicar a estrutura de atendimento de urg\u00eancia e emerg\u00eancia em toda cidade. [&hellip;]<\/p>\n","protected":false},"author":1,"featured_media":61532,"comment_status":"closed","ping_status":"closed","sticky":false,"template":"","format":"audio","meta":[],"categories":[212,30],"tags":[],"_links":{"self":[{"href":"https:\/\/blitzconquista.com.br\/index.php?rest_route=\/wp\/v2\/posts\/61530"}],"collection":[{"href":"https:\/\/blitzconquista.com.br\/index.php?rest_route=\/wp\/v2\/posts"}],"about":[{"href":"https:\/\/blitzconquista.com.br\/index.php?rest_route=\/wp\/v2\/types\/post"}],"author":[{"embeddable":true,"href":"https:\/\/blitzconquista.com.br\/index.php?rest_route=\/wp\/v2\/users\/1"}],"replies":[{"embeddable":true,"href":"https:\/\/blitzconquista.com.br\/index.php?rest_route=%2Fwp%2Fv2%2Fcomments&post=61530"}],"version-history":[{"count":2,"href":"https:\/\/blitzconquista.com.br\/index.php?rest_route=\/wp\/v2\/posts\/61530\/revisions"}],"predecessor-version":[{"id":61534,"href":"https:\/\/blitzconquista.com.br\/index.php?rest_route=\/wp\/v2\/posts\/61530\/revisions\/61534"}],"wp:featuredmedia":[{"embeddable":true,"href":"https:\/\/blitzconquista.com.br\/index.php?rest_route=\/wp\/v2\/media\/61532"}],"wp:attachment":[{"href":"https:\/\/blitzconquista.com.br\/index.php?rest_route=%2Fwp%2Fv2%2Fmedia&parent=61530"}],"wp:term":[{"taxonomy":"category","embeddable":true,"href":"https:\/\/blitzconquista.com.br\/index.php?rest_route=%2Fwp%2Fv2%2Fcategories&post=61530"},{"taxonomy":"post_tag","embeddable":true,"href":"https:\/\/blitzconquista.com.br\/index.php?rest_route=%2Fwp%2Fv2%2Ftags&post=61530"}],"curies":[{"name":"wp","href":"https:\/\/api.w.org\/{rel}","templated":true}]}}