{"id":61600,"date":"2017-07-18T20:20:09","date_gmt":"2017-07-18T23:20:09","guid":{"rendered":"http:\/\/blitzconquista.com.br\/?p=61600"},"modified":"2017-07-18T21:39:45","modified_gmt":"2017-07-19T00:39:45","slug":"pedreiro-morara-ao-lado-do-local-onde-morreu-apos-ser-soterrado","status":"publish","type":"post","link":"https:\/\/blitzconquista.com.br\/?p=61600","title":{"rendered":"Pedreiro morava ao lado do local onde morreu ap\u00f3s ser soterrado"},"content":{"rendered":"<p>Maxsuel Costa Pacheco, de 35 anos, pedreiro morto ao ser soterrado por uma laje, na tarde dessa ter\u00e7a, 18, morava ao lado do local onde trabalhava, na Av. Bartolomeu de Gusm\u00e3o.<\/p>\n<p><span style=\"color: #ff0000;\"><strong><a href=\"http:\/\/blitzconquista.com.br\/laje-desaba-e-operarios-ficam-soterrados-um-morreu\/\">Laje desaba e oper\u00e1rios ficam soterrados; um morreu<\/a><\/strong><\/span><\/p>\n<p>A companheira de Maxsuel acompanhava o trabalho dos bombeiros enquanto passava informa\u00e7\u00f5es para os militares. O que ela n\u00e3o sabia era que seu esposo estava morto. Sendo a \u00fanica familiar presente, ela foi informada sobre a morte enquanto Tiago, o outro trabalhador soterrado, era atendido pelo Samu 192.<\/p>\n<p><img decoding=\"async\" loading=\"lazy\" class=\"size-large wp-image-61586 aligncenter\" src=\"http:\/\/blitzconquista.com.br\/wp-content\/uploads\/2017\/07\/DSC_0500_18-07-2017-695x460.jpg\" alt=\"\" width=\"695\" height=\"460\" srcset=\"https:\/\/blitzconquista.com.br\/wp-content\/uploads\/2017\/07\/DSC_0500_18-07-2017-695x460.jpg 695w, https:\/\/blitzconquista.com.br\/wp-content\/uploads\/2017\/07\/DSC_0500_18-07-2017-300x200.jpg 300w, https:\/\/blitzconquista.com.br\/wp-content\/uploads\/2017\/07\/DSC_0500_18-07-2017-768x508.jpg 768w, https:\/\/blitzconquista.com.br\/wp-content\/uploads\/2017\/07\/DSC_0500_18-07-2017-130x86.jpg 130w, https:\/\/blitzconquista.com.br\/wp-content\/uploads\/2017\/07\/DSC_0500_18-07-2017-187x124.jpg 187w, https:\/\/blitzconquista.com.br\/wp-content\/uploads\/2017\/07\/DSC_0500_18-07-2017.jpg 990w\" sizes=\"(max-width: 695px) 100vw, 695px\" \/><\/p>\n<p>A laje desabou \u00e0s 16h40, momento que a pol\u00edcia e os bombeiros foram acionados.<\/p>\n<p>As v\u00edtimas foram localizadas quando um militar obteve o n\u00famero de telefone e ligou para uma das v\u00edtimas.<\/p>\n","protected":false},"excerpt":{"rendered":"<p>Maxsuel Costa Pacheco, de 35 anos, pedreiro morto ao ser soterrado por uma laje, na tarde dessa ter\u00e7a, 18, morava ao lado do local onde trabalhava, na Av. Bartolomeu de Gusm\u00e3o. Laje desaba e oper\u00e1rios ficam soterrados; um morreu A companheira de Maxsuel acompanhava o trabalho dos bombeiros enquanto passava informa\u00e7\u00f5es para os militares. O [&hellip;]<\/p>\n","protected":false},"author":1,"featured_media":61594,"comment_status":"closed","ping_status":"closed","sticky":false,"template":"","format":"standard","meta":[],"categories":[212,3],"tags":[],"_links":{"self":[{"href":"https:\/\/blitzconquista.com.br\/index.php?rest_route=\/wp\/v2\/posts\/61600"}],"collection":[{"href":"https:\/\/blitzconquista.com.br\/index.php?rest_route=\/wp\/v2\/posts"}],"about":[{"href":"https:\/\/blitzconquista.com.br\/index.php?rest_route=\/wp\/v2\/types\/post"}],"author":[{"embeddable":true,"href":"https:\/\/blitzconquista.com.br\/index.php?rest_route=\/wp\/v2\/users\/1"}],"replies":[{"embeddable":true,"href":"https:\/\/blitzconquista.com.br\/index.php?rest_route=%2Fwp%2Fv2%2Fcomments&post=61600"}],"version-history":[{"count":2,"href":"https:\/\/blitzconquista.com.br\/index.php?rest_route=\/wp\/v2\/posts\/61600\/revisions"}],"predecessor-version":[{"id":61602,"href":"https:\/\/blitzconquista.com.br\/index.php?rest_route=\/wp\/v2\/posts\/61600\/revisions\/61602"}],"wp:featuredmedia":[{"embeddable":true,"href":"https:\/\/blitzconquista.com.br\/index.php?rest_route=\/wp\/v2\/media\/61594"}],"wp:attachment":[{"href":"https:\/\/blitzconquista.com.br\/index.php?rest_route=%2Fwp%2Fv2%2Fmedia&parent=61600"}],"wp:term":[{"taxonomy":"category","embeddable":true,"href":"https:\/\/blitzconquista.com.br\/index.php?rest_route=%2Fwp%2Fv2%2Fcategories&post=61600"},{"taxonomy":"post_tag","embeddable":true,"href":"https:\/\/blitzconquista.com.br\/index.php?rest_route=%2Fwp%2Fv2%2Ftags&post=61600"}],"curies":[{"name":"wp","href":"https:\/\/api.w.org\/{rel}","templated":true}]}}