{"id":61689,"date":"2017-07-20T13:40:12","date_gmt":"2017-07-20T16:40:12","guid":{"rendered":"http:\/\/blitzconquista.com.br\/?p=61689"},"modified":"2017-07-20T13:48:22","modified_gmt":"2017-07-20T16:48:22","slug":"assuntorelease-sebrae-em-vitoria-da-conquista-organiza-caravana-para-o-minas-trend-2017-remetenteanalice-vieiraadd-contact-paraanalice-vieiraadd-contact-copia-oculta-bccblitzconquistablitzco","status":"publish","type":"post","link":"https:\/\/blitzconquista.com.br\/?p=61689","title":{"rendered":"Sebrae em Vit\u00f3ria da Conquista organiza caravana para o Minas Trend 2017"},"content":{"rendered":"<div><i>O evento, que acontece em Belo Horizonte, se tornou a principal plataforma de gera\u00e7\u00e3o de neg\u00f3cios do setor de moda do pa\u00eds<\/i><\/div>\n<div><i>\u00a0<\/i><\/div>\n<div>\n<div>O Sebrae em Vit\u00f3ria da Conquista est\u00e1 organizando uma caravana para empreendedores do setor de moda da regi\u00e3o Sudoeste visitarem a Feira de Moda e Neg\u00f3cios Minas Trend 2017, que acontece em outubro, na capital mineira. Para participar da caravana, os interessados t\u00eam at\u00e9 a pr\u00f3xima segunda, dia 24 de julho, para se inscrever no Sebrae, pelos telefones (77) 3424-1600 e (77) 99802-7869 ou, ainda, pelo e-mail\u00a0<a href=\"mailto:priscila.gomes@ba.sebrae.com.br\">priscila.gomes@ba.sebrae.com.br<\/a>.<\/div>\n<div><\/div>\n<div>No pacote est\u00e3o inclusos: Passagem a\u00e9rea de ida e volta (Vit\u00f3ria da Conquista x Belo Horizonte \/ Belo Horizonte x Vit\u00f3ria da Conquista); hospedagem em quarto duplo (duas pessoas por quarto); translado aeroporto x hotel x aeroporto \/ hotel x feira x hotel. O valor do investimento para o empreendedor \u00e9 de R$ 1.100.<\/div>\n<div><\/div>\n<div>A Feira de Moda e Neg\u00f3cios Minas Trend re\u00fane os principais nomes e marcas do universo fashion do Brasil e se tornou a principal plataforma nacional de gera\u00e7\u00e3o de neg\u00f3cios, antecipando as tend\u00eancias e modificando o calend\u00e1rio da moda brasileira. Mais informa\u00e7\u00f5es sobre o evento podem ser encontradas no\u00a0<a href=\"http:\/\/www.minastrend.com.br\/minastrend\/\" target=\"_blank\" rel=\"noopener\">site<\/a>.<\/div>\n<div><\/div>\n<div><b>Mat\u00e9ria no site da Ag\u00eancia Sebrae de Not\u00edcias Bahia:<\/b>\u00a0<a href=\"http:\/\/www.ba.agenciasebrae.com.br\/sites\/asn\/uf\/BA\/sebrae-em-vitoria-da-conquista-organiza-caravana-para-o-minas-trend-2017,3ba1f03426c5d510VgnVCM1000004c00210aRCRD\" target=\"_blank\" rel=\"noopener\">http:\/\/www.ba.agenciasebrae.com.br\/sites\/asn\/uf\/BA\/sebrae-em-vitoria-da-conquista-organiza-caravana-para-o-minas-trend-2017,3ba1f03426c5d510VgnVCM1000004c00210aRCRD<\/a><\/div>\n<\/div>\n","protected":false},"excerpt":{"rendered":"<p>O evento, que acontece em Belo Horizonte, se tornou a principal plataforma de gera\u00e7\u00e3o de neg\u00f3cios do setor de moda do pa\u00eds \u00a0 O Sebrae em Vit\u00f3ria da Conquista est\u00e1 organizando uma caravana para empreendedores do setor de moda da regi\u00e3o Sudoeste visitarem a Feira de Moda e Neg\u00f3cios Minas Trend 2017, que acontece em [&hellip;]<\/p>\n","protected":false},"author":1,"featured_media":61690,"comment_status":"closed","ping_status":"closed","sticky":false,"template":"","format":"standard","meta":[],"categories":[4],"tags":[],"_links":{"self":[{"href":"https:\/\/blitzconquista.com.br\/index.php?rest_route=\/wp\/v2\/posts\/61689"}],"collection":[{"href":"https:\/\/blitzconquista.com.br\/index.php?rest_route=\/wp\/v2\/posts"}],"about":[{"href":"https:\/\/blitzconquista.com.br\/index.php?rest_route=\/wp\/v2\/types\/post"}],"author":[{"embeddable":true,"href":"https:\/\/blitzconquista.com.br\/index.php?rest_route=\/wp\/v2\/users\/1"}],"replies":[{"embeddable":true,"href":"https:\/\/blitzconquista.com.br\/index.php?rest_route=%2Fwp%2Fv2%2Fcomments&post=61689"}],"version-history":[{"count":2,"href":"https:\/\/blitzconquista.com.br\/index.php?rest_route=\/wp\/v2\/posts\/61689\/revisions"}],"predecessor-version":[{"id":61692,"href":"https:\/\/blitzconquista.com.br\/index.php?rest_route=\/wp\/v2\/posts\/61689\/revisions\/61692"}],"wp:featuredmedia":[{"embeddable":true,"href":"https:\/\/blitzconquista.com.br\/index.php?rest_route=\/wp\/v2\/media\/61690"}],"wp:attachment":[{"href":"https:\/\/blitzconquista.com.br\/index.php?rest_route=%2Fwp%2Fv2%2Fmedia&parent=61689"}],"wp:term":[{"taxonomy":"category","embeddable":true,"href":"https:\/\/blitzconquista.com.br\/index.php?rest_route=%2Fwp%2Fv2%2Fcategories&post=61689"},{"taxonomy":"post_tag","embeddable":true,"href":"https:\/\/blitzconquista.com.br\/index.php?rest_route=%2Fwp%2Fv2%2Ftags&post=61689"}],"curies":[{"name":"wp","href":"https:\/\/api.w.org\/{rel}","templated":true}]}}