{"id":61702,"date":"2017-07-20T15:17:19","date_gmt":"2017-07-20T18:17:19","guid":{"rendered":"http:\/\/blitzconquista.com.br\/?p=61702"},"modified":"2017-07-20T15:17:19","modified_gmt":"2017-07-20T18:17:19","slug":"dono-de-imovel-que-desabou-e-matou-pedreiro-tem-ate-amanha-21-para-demolir","status":"publish","type":"post","link":"https:\/\/blitzconquista.com.br\/?p=61702","title":{"rendered":"Dono de im\u00f3vel que desabou e matou pedreiro tem at\u00e9 amanh\u00e3, 21, para demolir"},"content":{"rendered":"<p>A Defesa Civil de Vit\u00f3ria da Conquista deu prazo de 48 h, contado a partir das 17 h dessa quarta, 19, para demoli\u00e7\u00e3o de parte do im\u00f3vel que desabou e matou um pedreiro e feriu outro na tarde da \u00faltima ter\u00e7a, 18.<\/p>\n<p><strong><a href=\"http:\/\/blitzconquista.com.br\/laje-desaba-e-operarios-ficam-soterrados-um-morreu\/\">Laje desaba e oper\u00e1rios ficam soterrados; um morreu<\/a><\/strong><\/p>\n<p><strong><a href=\"http:\/\/blitzconquista.com.br\/pedreiro-morara-ao-lado-do-local-onde-morreu-apos-ser-soterrado\/\">Pedreiro morava ao lado do local onde morreu ap\u00f3s ser soterrado<\/a><\/strong><\/p>\n<p>Em nota enviada ao Blitz, a Defesa Civil informou que fez per\u00edcia, isolo a \u00e1rea e notificou o propriet\u00e1rio do im\u00f3vel para que seja feita a demoli\u00e7\u00e3o. <span lang=\"pt-BR\">Caso o prazo n\u00e3o seja cumprido pelo propriet\u00e1rio do im\u00f3vel, a Defesa Civil acionar\u00e1 o Minist\u00e9rio P\u00fablico para que ou<img decoding=\"async\" loading=\"lazy\" class=\"size-large wp-image-61703 aligncenter\" src=\"http:\/\/blitzconquista.com.br\/wp-content\/uploads\/2017\/07\/adsfasdfasdfa-695x434.jpg\" alt=\"\" width=\"695\" height=\"434\" srcset=\"https:\/\/blitzconquista.com.br\/wp-content\/uploads\/2017\/07\/adsfasdfasdfa-695x434.jpg 695w, https:\/\/blitzconquista.com.br\/wp-content\/uploads\/2017\/07\/adsfasdfasdfa-300x187.jpg 300w, https:\/\/blitzconquista.com.br\/wp-content\/uploads\/2017\/07\/adsfasdfasdfa-320x200.jpg 320w, https:\/\/blitzconquista.com.br\/wp-content\/uploads\/2017\/07\/adsfasdfasdfa.jpg 700w\" sizes=\"(max-width: 695px) 100vw, 695px\" \/>tras medidas judicias sejam tomadas.<\/span><\/p>\n","protected":false},"excerpt":{"rendered":"<p>A Defesa Civil de Vit\u00f3ria da Conquista deu prazo de 48 h, contado a partir das 17 h dessa quarta, 19, para demoli\u00e7\u00e3o de parte do im\u00f3vel que desabou e matou um pedreiro e feriu outro na tarde da \u00faltima ter\u00e7a, 18. Laje desaba e oper\u00e1rios ficam soterrados; um morreu Pedreiro morava ao lado do [&hellip;]<\/p>\n","protected":false},"author":1,"featured_media":61587,"comment_status":"closed","ping_status":"closed","sticky":false,"template":"","format":"standard","meta":[],"categories":[4,212],"tags":[],"_links":{"self":[{"href":"https:\/\/blitzconquista.com.br\/index.php?rest_route=\/wp\/v2\/posts\/61702"}],"collection":[{"href":"https:\/\/blitzconquista.com.br\/index.php?rest_route=\/wp\/v2\/posts"}],"about":[{"href":"https:\/\/blitzconquista.com.br\/index.php?rest_route=\/wp\/v2\/types\/post"}],"author":[{"embeddable":true,"href":"https:\/\/blitzconquista.com.br\/index.php?rest_route=\/wp\/v2\/users\/1"}],"replies":[{"embeddable":true,"href":"https:\/\/blitzconquista.com.br\/index.php?rest_route=%2Fwp%2Fv2%2Fcomments&post=61702"}],"version-history":[{"count":1,"href":"https:\/\/blitzconquista.com.br\/index.php?rest_route=\/wp\/v2\/posts\/61702\/revisions"}],"predecessor-version":[{"id":61704,"href":"https:\/\/blitzconquista.com.br\/index.php?rest_route=\/wp\/v2\/posts\/61702\/revisions\/61704"}],"wp:featuredmedia":[{"embeddable":true,"href":"https:\/\/blitzconquista.com.br\/index.php?rest_route=\/wp\/v2\/media\/61587"}],"wp:attachment":[{"href":"https:\/\/blitzconquista.com.br\/index.php?rest_route=%2Fwp%2Fv2%2Fmedia&parent=61702"}],"wp:term":[{"taxonomy":"category","embeddable":true,"href":"https:\/\/blitzconquista.com.br\/index.php?rest_route=%2Fwp%2Fv2%2Fcategories&post=61702"},{"taxonomy":"post_tag","embeddable":true,"href":"https:\/\/blitzconquista.com.br\/index.php?rest_route=%2Fwp%2Fv2%2Ftags&post=61702"}],"curies":[{"name":"wp","href":"https:\/\/api.w.org\/{rel}","templated":true}]}}