{"id":61717,"date":"2017-07-20T19:55:38","date_gmt":"2017-07-20T22:55:38","guid":{"rendered":"http:\/\/blitzconquista.com.br\/?p=61717"},"modified":"2017-07-20T19:55:38","modified_gmt":"2017-07-20T22:55:38","slug":"gerencia-de-habitacao-da-cef-de-conquista-pode-estar-batendo-em-retirada-para-o-sul-do-estado","status":"publish","type":"post","link":"https:\/\/blitzconquista.com.br\/?p=61717","title":{"rendered":"Ger\u00eancia de habita\u00e7\u00e3o da CEF de Conquista pode estar batendo em retirada para o Sul do Estado"},"content":{"rendered":"<p><span style=\"color: #ff0000;\"><strong>Perman\u00eancia da Ger\u00eancia depende da &#8220;for\u00e7a pol\u00edtica&#8221; de Pereira e interven\u00e7\u00e3o de caciques do PMDB<\/strong><\/span><\/p>\n<p>De acordo com o Blog do Anderson parece que Ger\u00eancia de Habita\u00e7\u00e3o da Caixa Econ\u00f4mica Federal de Vit\u00f3ria da Conquista est\u00e1 com os dias contados.<\/p>\n<p>A Ger\u00eancia dever\u00e1 ser transferida para cidade de Itabuna, fazendo que Conquista e outros 29 munic\u00edpios tenham que se reportar ao sul do estado.<\/p>\n<p>Recentemente o Governo Federal fechou ag\u00eancias dos Correios, Banco do Brasil e do Nordeste em Conquista, al\u00e9m de desativar a Superintend\u00eancia do Banco do Brasil e a Farm\u00e1cia Popular, que funcionava na Pra\u00e7a Victor Brito.<\/p>\n<p>Alinhado com o Governo Federal, o prefeito de Vit\u00f3ria da Conquista, Herzem Gusm\u00e3o Pereira, afirmou que o presidente Temer <em>\u201cest\u00e1 sendo generoso com Conquista\u201d<\/em>.<\/p>\n<p>Com o <em>\u201calinhamento pol\u00edtico com Temer\u201d<\/em>, como explicar a retirada em massa de ag\u00eancias banc\u00e1rias e chefias de \u00f3rg\u00e3os Federais da cidade?<\/p>\n<p>Est\u00e1 na hora de Pereira mostrar sua for\u00e7a pol\u00edtica e pedir apoio dos seus padrinhos (Geddel, L\u00facio Vieira Lima e ACM Neto), fortes influenciadores da monarquia pol\u00edtica em Bras\u00edlia.<\/p>\n","protected":false},"excerpt":{"rendered":"<p>Perman\u00eancia da Ger\u00eancia depende da &#8220;for\u00e7a pol\u00edtica&#8221; de Pereira e interven\u00e7\u00e3o de caciques do PMDB De acordo com o Blog do Anderson parece que Ger\u00eancia de Habita\u00e7\u00e3o da Caixa Econ\u00f4mica Federal de Vit\u00f3ria da Conquista est\u00e1 com os dias contados. A Ger\u00eancia dever\u00e1 ser transferida para cidade de Itabuna, fazendo que Conquista e outros 29 [&hellip;]<\/p>\n","protected":false},"author":1,"featured_media":61718,"comment_status":"closed","ping_status":"closed","sticky":false,"template":"","format":"standard","meta":[],"categories":[212,5],"tags":[],"_links":{"self":[{"href":"https:\/\/blitzconquista.com.br\/index.php?rest_route=\/wp\/v2\/posts\/61717"}],"collection":[{"href":"https:\/\/blitzconquista.com.br\/index.php?rest_route=\/wp\/v2\/posts"}],"about":[{"href":"https:\/\/blitzconquista.com.br\/index.php?rest_route=\/wp\/v2\/types\/post"}],"author":[{"embeddable":true,"href":"https:\/\/blitzconquista.com.br\/index.php?rest_route=\/wp\/v2\/users\/1"}],"replies":[{"embeddable":true,"href":"https:\/\/blitzconquista.com.br\/index.php?rest_route=%2Fwp%2Fv2%2Fcomments&post=61717"}],"version-history":[{"count":1,"href":"https:\/\/blitzconquista.com.br\/index.php?rest_route=\/wp\/v2\/posts\/61717\/revisions"}],"predecessor-version":[{"id":61719,"href":"https:\/\/blitzconquista.com.br\/index.php?rest_route=\/wp\/v2\/posts\/61717\/revisions\/61719"}],"wp:featuredmedia":[{"embeddable":true,"href":"https:\/\/blitzconquista.com.br\/index.php?rest_route=\/wp\/v2\/media\/61718"}],"wp:attachment":[{"href":"https:\/\/blitzconquista.com.br\/index.php?rest_route=%2Fwp%2Fv2%2Fmedia&parent=61717"}],"wp:term":[{"taxonomy":"category","embeddable":true,"href":"https:\/\/blitzconquista.com.br\/index.php?rest_route=%2Fwp%2Fv2%2Fcategories&post=61717"},{"taxonomy":"post_tag","embeddable":true,"href":"https:\/\/blitzconquista.com.br\/index.php?rest_route=%2Fwp%2Fv2%2Ftags&post=61717"}],"curies":[{"name":"wp","href":"https:\/\/api.w.org\/{rel}","templated":true}]}}