{"id":61762,"date":"2017-07-21T11:41:17","date_gmt":"2017-07-21T14:41:17","guid":{"rendered":"http:\/\/blitzconquista.com.br\/?p=61762"},"modified":"2017-07-21T11:41:17","modified_gmt":"2017-07-21T14:41:17","slug":"com-asfalto-prefeitura-tapa-buracos-em-vias-da-cidade","status":"publish","type":"post","link":"https:\/\/blitzconquista.com.br\/?p=61762","title":{"rendered":"Com asfalto: Prefeitura tapa buracos em vias da Cidade"},"content":{"rendered":"<p>O tr\u00e1fego de ve\u00edculos est\u00e1 lento em algumas vias de Vit\u00f3ria da Conquista. Mas, \u00e9 por um bom motivo. A Prefeitura est\u00e1 tapando os buracos que atormentam a vida da popula\u00e7\u00e3o.<\/p>\n<p><img decoding=\"async\" loading=\"lazy\" class=\"size-large wp-image-61763 aligncenter\" src=\"http:\/\/blitzconquista.com.br\/wp-content\/uploads\/2017\/07\/DSC_0517_21-07-2017-695x461.jpg\" alt=\"\" width=\"695\" height=\"461\" srcset=\"https:\/\/blitzconquista.com.br\/wp-content\/uploads\/2017\/07\/DSC_0517_21-07-2017-695x461.jpg 695w, https:\/\/blitzconquista.com.br\/wp-content\/uploads\/2017\/07\/DSC_0517_21-07-2017-300x200.jpg 300w, https:\/\/blitzconquista.com.br\/wp-content\/uploads\/2017\/07\/DSC_0517_21-07-2017-768x509.jpg 768w, https:\/\/blitzconquista.com.br\/wp-content\/uploads\/2017\/07\/DSC_0517_21-07-2017-414x276.jpg 414w, https:\/\/blitzconquista.com.br\/wp-content\/uploads\/2017\/07\/DSC_0517_21-07-2017-470x313.jpg 470w, https:\/\/blitzconquista.com.br\/wp-content\/uploads\/2017\/07\/DSC_0517_21-07-2017-640x426.jpg 640w, https:\/\/blitzconquista.com.br\/wp-content\/uploads\/2017\/07\/DSC_0517_21-07-2017-130x86.jpg 130w, https:\/\/blitzconquista.com.br\/wp-content\/uploads\/2017\/07\/DSC_0517_21-07-2017-187x124.jpg 187w, https:\/\/blitzconquista.com.br\/wp-content\/uploads\/2017\/07\/DSC_0517_21-07-2017.jpg 990w\" sizes=\"(max-width: 695px) 100vw, 695px\" \/><\/p>\n<p>A reportagem do Blitz presenciou equipes realizando a Opera\u00e7\u00e3o Tapa Buracos na Av. Bartolomeu de Gusm\u00e3o e Av. Alagoas.<\/p>\n","protected":false},"excerpt":{"rendered":"<p>O tr\u00e1fego de ve\u00edculos est\u00e1 lento em algumas vias de Vit\u00f3ria da Conquista. Mas, \u00e9 por um bom motivo. A Prefeitura est\u00e1 tapando os buracos que atormentam a vida da popula\u00e7\u00e3o. A reportagem do Blitz presenciou equipes realizando a Opera\u00e7\u00e3o Tapa Buracos na Av. Bartolomeu de Gusm\u00e3o e Av. Alagoas.<\/p>\n","protected":false},"author":1,"featured_media":61764,"comment_status":"closed","ping_status":"closed","sticky":false,"template":"","format":"standard","meta":[],"categories":[4],"tags":[],"_links":{"self":[{"href":"https:\/\/blitzconquista.com.br\/index.php?rest_route=\/wp\/v2\/posts\/61762"}],"collection":[{"href":"https:\/\/blitzconquista.com.br\/index.php?rest_route=\/wp\/v2\/posts"}],"about":[{"href":"https:\/\/blitzconquista.com.br\/index.php?rest_route=\/wp\/v2\/types\/post"}],"author":[{"embeddable":true,"href":"https:\/\/blitzconquista.com.br\/index.php?rest_route=\/wp\/v2\/users\/1"}],"replies":[{"embeddable":true,"href":"https:\/\/blitzconquista.com.br\/index.php?rest_route=%2Fwp%2Fv2%2Fcomments&post=61762"}],"version-history":[{"count":1,"href":"https:\/\/blitzconquista.com.br\/index.php?rest_route=\/wp\/v2\/posts\/61762\/revisions"}],"predecessor-version":[{"id":61765,"href":"https:\/\/blitzconquista.com.br\/index.php?rest_route=\/wp\/v2\/posts\/61762\/revisions\/61765"}],"wp:featuredmedia":[{"embeddable":true,"href":"https:\/\/blitzconquista.com.br\/index.php?rest_route=\/wp\/v2\/media\/61764"}],"wp:attachment":[{"href":"https:\/\/blitzconquista.com.br\/index.php?rest_route=%2Fwp%2Fv2%2Fmedia&parent=61762"}],"wp:term":[{"taxonomy":"category","embeddable":true,"href":"https:\/\/blitzconquista.com.br\/index.php?rest_route=%2Fwp%2Fv2%2Fcategories&post=61762"},{"taxonomy":"post_tag","embeddable":true,"href":"https:\/\/blitzconquista.com.br\/index.php?rest_route=%2Fwp%2Fv2%2Ftags&post=61762"}],"curies":[{"name":"wp","href":"https:\/\/api.w.org\/{rel}","templated":true}]}}