{"id":61800,"date":"2017-07-22T00:32:42","date_gmt":"2017-07-22T03:32:42","guid":{"rendered":"http:\/\/blitzconquista.com.br\/?p=61800"},"modified":"2017-07-22T00:32:42","modified_gmt":"2017-07-22T03:32:42","slug":"alta-dos-combustiveis-deve-encarecer-tambem-os-alimentos","status":"publish","type":"post","link":"https:\/\/blitzconquista.com.br\/?p=61800","title":{"rendered":"Alta dos combust\u00edveis deve encarecer tamb\u00e9m os alimentos"},"content":{"rendered":"<p class=\"content-head__subtitle\"><span style=\"color: #ff0000;\"><strong>Com transporte mais caro, pre\u00e7os de alimentos e outros produtos tamb\u00e9m devem ser elevados.<\/strong><\/span><\/p>\n<p><span style=\"color: #ff0000;\"><strong>Do G1 &#8211; <\/strong><\/span>O\u00a0aumento da al\u00edquota de PIS\/Cofins sobre o diesel,\u00a0anunciado pelo governo na quinta-feira (20), deve impactar os custos do frete rodovi\u00e1rio na faixa de 2,5% a 4%, em m\u00e9dia, estimam entidades que representam as empresas de transporte de cargas.<\/p>\n<div class=\"mc-column content-text active-extra-styles \" data-block-type=\"unstyled\" data-block-weight=\"42\">\n<p class=\"content-text__container \" data-track-category=\"Link no Texto\" data-track-links=\"\">A previs\u00e3o de 2,5% foi calculada pela Confedera\u00e7\u00e3o Nacional do Transporte (CNT) e a mais alta, pela Associa\u00e7\u00e3o Nacional do Transporte de Cargas e Log\u00edstica (NTC &amp; Log\u00edstica). Ambas afirmam que os alimentos e outros produtos ficar\u00e3o mais caros com a mudan\u00e7a.<\/p>\n<\/div>\n<div class=\"mc-column content-text active-extra-styles \" data-block-type=\"unstyled\" data-block-weight=\"57\">\n<p class=\"content-text__container \" data-track-category=\"Link no Texto\" data-track-links=\"\">O aumento dos custos com frete deve pesar principalmente sobre os itens de menor valor agregado (que t\u00eam pouca margem para absorver o impacto) e que s\u00e3o transportados por longas dist\u00e2ncias, afirma a NTC &amp; Log\u00edstica. Nessa lista, est\u00e3o inclu\u00eddos os produtos de cesta b\u00e1sica, como arroz, feij\u00e3o e farinha, al\u00e9m de \u00e1gua, ovos, frutas e verduras.<\/p>\n<\/div>\n<div class=\"mc-column content-text active-extra-styles \" data-block-type=\"unstyled\" data-block-weight=\"63\">\n<p class=\"content-text__container \" data-track-category=\"Link no Texto\" data-track-links=\"\">&#8220;Para o caminh\u00e3o, o que interessa [na hora de cobrar pelo transporte] \u00e9 o peso. 1 kg de feij\u00e3o \u00e9 igual a 1 kg de ouro, mas como o feij\u00e3o custa muito mais barato, o pre\u00e7o do frete pesa mais sobre ele que sobre o ouro&#8221;, explica Lauro Valdivia, assessor t\u00e9cnico da associa\u00e7\u00e3o. &#8220;E quem roda muito n\u00e3o vai ter como escapar&#8221;, emenda.<\/p>\n<\/div>\n<div class=\"mc-column content-text active-extra-styles \" data-block-type=\"unstyled\" data-block-weight=\"32\">\n<p class=\"content-text__container \" data-track-category=\"Link no Texto\" data-track-links=\"\">O pre\u00e7o dos gr\u00e3os enviados para exporta\u00e7\u00e3o, como soja e milho, que partem normalmente do centro-oeste do pa\u00eds para os portos no litoral, tamb\u00e9m devem ter forte reflexo nos pre\u00e7os, afirma Valdivia.<\/p>\n<\/div>\n<div class=\"mc-column content-text active-extra-styles \" data-block-type=\"unstyled\" data-block-weight=\"46\">\n<p class=\"content-text__container \" data-track-category=\"Link no Texto\" data-track-links=\"\">Segundo ele, a alta nos pre\u00e7os dos produtos, em geral, s\u00f3 deve come\u00e7ar a ser sentida em duas semanas, depois que for poss\u00edvel medir o real efeito do aumento dos impostos nas bombas de combust\u00edvel. Nesta sexa-feira, postos visitados pelo\u00a0<strong>G1<\/strong>\u00a0j\u00e1 vendiam\u00a0gasolina com reajuste.<\/p>\n<\/div>\n<div class=\"mc-column content-text active-extra-styles \" data-block-type=\"unstyled\" data-block-weight=\"52\">\n<p class=\"content-text__container \" data-track-category=\"Link no Texto\" data-track-links=\"\">Quem faz compras pela internet tamb\u00e9m pode acabar pagando mais caro. &#8220;Um aumento do pre\u00e7o do combust\u00edvel vai encarecer o frete, que j\u00e1 n\u00e3o \u00e9 barato no Brasil por conta dos custos com seguros, e pode prejudicar sim o consumidor&#8221;, diz Rodrigo Bandeira Santos, vice-presidente da Associa\u00e7\u00e3o Brasileira de Com\u00e9rcio Eletr\u00f4nico (Abcomm).<\/p>\n<\/div>\n<div class=\"content-ads content-ads--reveal\"><\/div>\n<div class=\"mc-column content-media content-media--normal content-video\" data-block-type=\"backstage-video\">\n<div class=\"content-media__container content-media__container--loaded\">\n<div class=\"content-video__video\">\n<div id=\"wp3-player-0\" class=\"clappr-player\" tabindex=\"9999\" data-player=\"\">\n<div class=\"dfp-ad-overlay dfp-poster-mode\" data-ad-overlay=\"\"><\/div>\n<div class=\"container master-container pointer-enabled\" data-container=\"\" data-pip=\"\">\n<div class=\"player-poster\" data-poster=\"\"><\/div>\n<\/div>\n<\/div>\n<\/div>\n<\/div>\n<div class=\"content-media__description-centered\"><\/div>\n<\/div>\n","protected":false},"excerpt":{"rendered":"<p>Com transporte mais caro, pre\u00e7os de alimentos e outros produtos tamb\u00e9m devem ser elevados. Do G1 &#8211; O\u00a0aumento da al\u00edquota de PIS\/Cofins sobre o diesel,\u00a0anunciado pelo governo na quinta-feira (20), deve impactar os custos do frete rodovi\u00e1rio na faixa de 2,5% a 4%, em m\u00e9dia, estimam entidades que representam as empresas de transporte de cargas. [&hellip;]<\/p>\n","protected":false},"author":1,"featured_media":61801,"comment_status":"closed","ping_status":"closed","sticky":false,"template":"","format":"standard","meta":[],"categories":[4],"tags":[],"_links":{"self":[{"href":"https:\/\/blitzconquista.com.br\/index.php?rest_route=\/wp\/v2\/posts\/61800"}],"collection":[{"href":"https:\/\/blitzconquista.com.br\/index.php?rest_route=\/wp\/v2\/posts"}],"about":[{"href":"https:\/\/blitzconquista.com.br\/index.php?rest_route=\/wp\/v2\/types\/post"}],"author":[{"embeddable":true,"href":"https:\/\/blitzconquista.com.br\/index.php?rest_route=\/wp\/v2\/users\/1"}],"replies":[{"embeddable":true,"href":"https:\/\/blitzconquista.com.br\/index.php?rest_route=%2Fwp%2Fv2%2Fcomments&post=61800"}],"version-history":[{"count":1,"href":"https:\/\/blitzconquista.com.br\/index.php?rest_route=\/wp\/v2\/posts\/61800\/revisions"}],"predecessor-version":[{"id":61802,"href":"https:\/\/blitzconquista.com.br\/index.php?rest_route=\/wp\/v2\/posts\/61800\/revisions\/61802"}],"wp:featuredmedia":[{"embeddable":true,"href":"https:\/\/blitzconquista.com.br\/index.php?rest_route=\/wp\/v2\/media\/61801"}],"wp:attachment":[{"href":"https:\/\/blitzconquista.com.br\/index.php?rest_route=%2Fwp%2Fv2%2Fmedia&parent=61800"}],"wp:term":[{"taxonomy":"category","embeddable":true,"href":"https:\/\/blitzconquista.com.br\/index.php?rest_route=%2Fwp%2Fv2%2Fcategories&post=61800"},{"taxonomy":"post_tag","embeddable":true,"href":"https:\/\/blitzconquista.com.br\/index.php?rest_route=%2Fwp%2Fv2%2Ftags&post=61800"}],"curies":[{"name":"wp","href":"https:\/\/api.w.org\/{rel}","templated":true}]}}