{"id":61813,"date":"2017-07-21T23:52:37","date_gmt":"2017-07-22T02:52:37","guid":{"rendered":"http:\/\/blitzconquista.com.br\/?p=61813"},"modified":"2017-07-23T23:53:57","modified_gmt":"2017-07-24T02:53:57","slug":"prefeitura-inicia-recapeamento-asfaltico-da-avenida-amazonas","status":"publish","type":"post","link":"https:\/\/blitzconquista.com.br\/?p=61813","title":{"rendered":"Prefeitura inicia recapeamento asf\u00e1ltico da avenida Amazonas"},"content":{"rendered":"<p>M\u00e1quinas da Empresa Municipal de Urbaniza\u00e7\u00e3o (Emurc) se concentraram no in\u00edcio da avenida Amazonas, na tarde desta sexta-feira, 21, para dar in\u00edcio ao recapeamento dos dois quil\u00f4metros de extens\u00e3o da via, entre a avenida Integra\u00e7\u00e3o e o bairro Urbis IV, na zona oeste de Vit\u00f3ria da Conquista.<\/p>\n<p>Assim, a Prefeitura retomou o trabal21ho de recapeamento, simultaneamente ao de tapa-buracos, utilizando o asfalto a quente em ambos os procedimentos. Segundo o presidente da Emurc, Marcelo Guerra, isso foi poss\u00edvel pelo fato de as chuvas e neblinas terem dado uma tr\u00e9gua. \u201cO clima nos ajudou. Houve um favorecimento de anteontem, ontem e hoje, quando a estiagem promoveu a secagem do nosso solo\u201d, explicou.<\/p>\n","protected":false},"excerpt":{"rendered":"<p>M\u00e1quinas da Empresa Municipal de Urbaniza\u00e7\u00e3o (Emurc) se concentraram no in\u00edcio da avenida Amazonas, na tarde desta sexta-feira, 21, para dar in\u00edcio ao recapeamento dos dois quil\u00f4metros de extens\u00e3o da via, entre a avenida Integra\u00e7\u00e3o e o bairro Urbis IV, na zona oeste de Vit\u00f3ria da Conquista. Assim, a Prefeitura retomou o trabal21ho de recapeamento, [&hellip;]<\/p>\n","protected":false},"author":1,"featured_media":61814,"comment_status":"closed","ping_status":"closed","sticky":false,"template":"","format":"standard","meta":[],"categories":[5],"tags":[],"_links":{"self":[{"href":"https:\/\/blitzconquista.com.br\/index.php?rest_route=\/wp\/v2\/posts\/61813"}],"collection":[{"href":"https:\/\/blitzconquista.com.br\/index.php?rest_route=\/wp\/v2\/posts"}],"about":[{"href":"https:\/\/blitzconquista.com.br\/index.php?rest_route=\/wp\/v2\/types\/post"}],"author":[{"embeddable":true,"href":"https:\/\/blitzconquista.com.br\/index.php?rest_route=\/wp\/v2\/users\/1"}],"replies":[{"embeddable":true,"href":"https:\/\/blitzconquista.com.br\/index.php?rest_route=%2Fwp%2Fv2%2Fcomments&post=61813"}],"version-history":[{"count":1,"href":"https:\/\/blitzconquista.com.br\/index.php?rest_route=\/wp\/v2\/posts\/61813\/revisions"}],"predecessor-version":[{"id":61815,"href":"https:\/\/blitzconquista.com.br\/index.php?rest_route=\/wp\/v2\/posts\/61813\/revisions\/61815"}],"wp:featuredmedia":[{"embeddable":true,"href":"https:\/\/blitzconquista.com.br\/index.php?rest_route=\/wp\/v2\/media\/61814"}],"wp:attachment":[{"href":"https:\/\/blitzconquista.com.br\/index.php?rest_route=%2Fwp%2Fv2%2Fmedia&parent=61813"}],"wp:term":[{"taxonomy":"category","embeddable":true,"href":"https:\/\/blitzconquista.com.br\/index.php?rest_route=%2Fwp%2Fv2%2Fcategories&post=61813"},{"taxonomy":"post_tag","embeddable":true,"href":"https:\/\/blitzconquista.com.br\/index.php?rest_route=%2Fwp%2Fv2%2Ftags&post=61813"}],"curies":[{"name":"wp","href":"https:\/\/api.w.org\/{rel}","templated":true}]}}