{"id":61822,"date":"2017-07-24T00:02:25","date_gmt":"2017-07-24T03:02:25","guid":{"rendered":"http:\/\/blitzconquista.com.br\/?p=61822"},"modified":"2017-07-24T00:02:25","modified_gmt":"2017-07-24T03:02:25","slug":"ciclistas-realizam-ato-e-pedem-respeito-no-transito","status":"publish","type":"post","link":"https:\/\/blitzconquista.com.br\/?p=61822","title":{"rendered":"Ciclistas realizam ato e pedem respeito no tr\u00e2nsito"},"content":{"rendered":"<p>Ciclistas de Vit\u00f3ria da Conquista realizaram, na manh\u00e3 desse s\u00e1bado, 22, uma pedalada em avenidas da cidade para conscientizar os motoristas sobre o respeito ao ciclistas e a lei de tr\u00e2nsito que recomenda uma dist\u00e2ncia m\u00ednima de 1,5m. O evento foi promovido pelos praticantes do esporte em decorr\u00eancia do falecimento de Erlandes Gomes de Oliveira Junior, 30, conhecido por Jacobina, no \u00faltimo domingo, 16, quando esse foi atingido por um caminh\u00e3o enquanto pedalava na BA-262.<\/p>\n<p>\u201cO objetivo nosso \u00e9 conscientizar os motoristas por conta da fragilidade do ciclista. Hoje em dia, o ciclista n\u00e3o \u00e9 s\u00f3 aquele que usa a bicicleta para competi\u00e7\u00f5es, ele usa para o lazer, como meio de transporte. Que esta manifesta\u00e7\u00e3o chame a aten\u00e7\u00e3o das pessoas, dos meios de comunica\u00e7\u00e3o e das autoridades para se ter uma seguran\u00e7a maior pro ciclista\u201d, declarou o coordenador municipal de Esportes da Prefeitura de Vit\u00f3ria da Conquista, Jaldo Mendes, que esteve a frente do evento por ser tamb\u00e9m presidente da Associa\u00e7\u00e3o de Ciclismo do Sudoeste da Bahia (ACSB).<\/p>\n<p>Para o motorista Vinicius Macedo, que aguardava as bicicletas passarem pela avenida Ol\u00edvia Flores, a conscientiza\u00e7\u00e3o \u00e9 necess\u00e1ria: \u201cQuerendo ou n\u00e3o a bicicleta \u00e9 um meio de transporte. Muitas pessoas dependem da bicicleta e muitas pessoas n\u00e3o respeitam, tratam como se fosse nada. Eu acho que tem que respeitar, h\u00e1 muita falta de respeito no tr\u00e2nsito pelos ciclistas\u201d.<\/p>\n<p><a href=\"http:\/\/www.pmvc.ba.gov.br\/wp-content\/uploads\/mobilizacao-ciclistas-g.jpg\"><img decoding=\"async\" loading=\"lazy\" class=\"aligncenter size-medium wp-image-125267\" src=\"http:\/\/www.pmvc.ba.gov.br\/wp-content\/uploads\/mobilizacao-ciclistas-g-600x399.jpg\" sizes=\"(max-width: 600px) 100vw, 600px\" srcset=\"http:\/\/www.pmvc.ba.gov.br\/wp-content\/uploads\/mobilizacao-ciclistas-g-600x399.jpg 600w, http:\/\/www.pmvc.ba.gov.br\/wp-content\/uploads\/mobilizacao-ciclistas-g-200x133.jpg 200w, http:\/\/www.pmvc.ba.gov.br\/wp-content\/uploads\/mobilizacao-ciclistas-g-768x512.jpg 768w, http:\/\/www.pmvc.ba.gov.br\/wp-content\/uploads\/mobilizacao-ciclistas-g-1020x680.jpg 1020w, http:\/\/www.pmvc.ba.gov.br\/wp-content\/uploads\/mobilizacao-ciclistas-g.jpg 1200w\" alt=\"\" width=\"600\" height=\"399\" \/><\/a><a href=\"http:\/\/www.pmvc.ba.gov.br\/wp-content\/uploads\/mobilizacao-ciclistas-f.jpg\"><br \/>\n<\/a>A pedalada saiu da Avenida Ol\u00edvia Flores \u00e0s 10h. Antes, os ciclistas se reuniram para prestar uma homenagem \u00e0 Jacobina, fazendo uma ora\u00e7\u00e3o de agradecimento pelo amigo, pai de fam\u00edlia, servo de Deus e apaixonado pelo ciclismo que ele foi. Uma placa chamando a aten\u00e7\u00e3o de que h\u00e1 ciclista na via tamb\u00e9m foi fixada na avenida.<\/p>\n<p>Os parentes de Erlandes Junior tamb\u00e9m estiveram na manifesta\u00e7\u00e3o. A prima Priscila Oliveira e seu esposo Caique falaram sobre a import\u00e2ncia desse ato: \u201c\u00c9 um ato de conscientiza\u00e7\u00e3o dos motoristas e de toda a sociedade para regulariza\u00e7\u00e3o dos ve\u00edculos, condi\u00e7\u00f5es para a condu\u00e7\u00e3o do ve\u00edculo. \u00c9 um lazer importante para crian\u00e7a, para o adulto e o idoso tamb\u00e9m e n\u00e3o pode ser banalizado, a sociedade tem que aprender a respeitar\u201d, disse Caique.<\/p>\n<p>Priscila, que a princ\u00edpio \u00a0n\u00e3o quis se manifestar, interrompeu o esposo e desabafou: \u201cA fam\u00edlia toda pratica o esporte e j\u00e1 tivemos a perda de um tio, cerca de cinco anos atr\u00e1s, num fato semelhante, o condutor tamb\u00e9m estava embriagado. \u00c9 muita dor pra fam\u00edlia e as pessoas precisavam se conscientizar mais. A vontade \u00e9 que todo mundo pare, mas se \u00e9 uma paix\u00e3o, \u00e9 um esporte, por que parar? Seria t\u00e3o mais f\u00e1cil se as pessoas respeitassem. \u00c9 uma vida, uma pai de fam\u00edlia, um amigo, um trabalhador. Quantas pessoas est\u00e3o sofrendo! O que a gente quer na verdade e pede \u00e9 pra que as pessoas se conscientizem: se beber, n\u00e3o dirija\u201d. Segundo ela, depois da morte do tio, Erlandes ficou dois anos sem pedalar fora da cidade.<\/p>\n<p><a href=\"http:\/\/www.pmvc.ba.gov.br\/wp-content\/uploads\/mobilizacao-ciclistas-c.jpg\"><img decoding=\"async\" loading=\"lazy\" class=\"aligncenter size-medium wp-image-125263\" src=\"http:\/\/www.pmvc.ba.gov.br\/wp-content\/uploads\/mobilizacao-ciclistas-c-600x399.jpg\" sizes=\"(max-width: 600px) 100vw, 600px\" srcset=\"http:\/\/www.pmvc.ba.gov.br\/wp-content\/uploads\/mobilizacao-ciclistas-c-600x399.jpg 600w, http:\/\/www.pmvc.ba.gov.br\/wp-content\/uploads\/mobilizacao-ciclistas-c-200x133.jpg 200w, http:\/\/www.pmvc.ba.gov.br\/wp-content\/uploads\/mobilizacao-ciclistas-c-768x512.jpg 768w, http:\/\/www.pmvc.ba.gov.br\/wp-content\/uploads\/mobilizacao-ciclistas-c-1020x680.jpg 1020w, http:\/\/www.pmvc.ba.gov.br\/wp-content\/uploads\/mobilizacao-ciclistas-c.jpg 1200w\" alt=\"\" width=\"600\" height=\"399\" \/><\/a><br \/>\nNos \u00faltimos anos, Jacobina participava de um grupo formado por cerca de 50 ciclistas que treinavam nas ter\u00e7as, quintas e s\u00e1bados. Edvaldo Pereira \u00e9 um deles. Ele pedala h\u00e1 cinco anos, mas fazia seis meses que estava com esta turma e na manh\u00e3 da trag\u00e9dia era um dos ciclistas que faziam o percurso com o atleta e o encontrou j\u00e1 sem vida. \u201cFazia pouco tempo que comecei a ter amizade com Jacobina, mas ele fez diferen\u00e7a em minha vida. Uma pessoa bem companheira, impressionante, um incentivador. Se marcou em muito a minha vida, imagina das pessoas que tinham mais tempo com ele. Um pouco antes eu ganhei de um amigo a bicicleta que era dele e por onde passo o pessoal fala: essa bicicleta foi de Jacobina. Agora considero um duplo presente pois pude ficar com a bicicleta de Jacobina \u2013 um \u00edcone, uma refer\u00eancia para todos do pelot\u00e3o que treinava com ele\u201d, comentou o companheiro de trilha.<\/p>\n","protected":false},"excerpt":{"rendered":"<p>Ciclistas de Vit\u00f3ria da Conquista realizaram, na manh\u00e3 desse s\u00e1bado, 22, uma pedalada em avenidas da cidade para conscientizar os motoristas sobre o respeito ao ciclistas e a lei de tr\u00e2nsito que recomenda uma dist\u00e2ncia m\u00ednima de 1,5m. O evento foi promovido pelos praticantes do esporte em decorr\u00eancia do falecimento de Erlandes Gomes de Oliveira [&hellip;]<\/p>\n","protected":false},"author":1,"featured_media":61823,"comment_status":"closed","ping_status":"closed","sticky":false,"template":"","format":"standard","meta":[],"categories":[4],"tags":[],"_links":{"self":[{"href":"https:\/\/blitzconquista.com.br\/index.php?rest_route=\/wp\/v2\/posts\/61822"}],"collection":[{"href":"https:\/\/blitzconquista.com.br\/index.php?rest_route=\/wp\/v2\/posts"}],"about":[{"href":"https:\/\/blitzconquista.com.br\/index.php?rest_route=\/wp\/v2\/types\/post"}],"author":[{"embeddable":true,"href":"https:\/\/blitzconquista.com.br\/index.php?rest_route=\/wp\/v2\/users\/1"}],"replies":[{"embeddable":true,"href":"https:\/\/blitzconquista.com.br\/index.php?rest_route=%2Fwp%2Fv2%2Fcomments&post=61822"}],"version-history":[{"count":1,"href":"https:\/\/blitzconquista.com.br\/index.php?rest_route=\/wp\/v2\/posts\/61822\/revisions"}],"predecessor-version":[{"id":61824,"href":"https:\/\/blitzconquista.com.br\/index.php?rest_route=\/wp\/v2\/posts\/61822\/revisions\/61824"}],"wp:featuredmedia":[{"embeddable":true,"href":"https:\/\/blitzconquista.com.br\/index.php?rest_route=\/wp\/v2\/media\/61823"}],"wp:attachment":[{"href":"https:\/\/blitzconquista.com.br\/index.php?rest_route=%2Fwp%2Fv2%2Fmedia&parent=61822"}],"wp:term":[{"taxonomy":"category","embeddable":true,"href":"https:\/\/blitzconquista.com.br\/index.php?rest_route=%2Fwp%2Fv2%2Fcategories&post=61822"},{"taxonomy":"post_tag","embeddable":true,"href":"https:\/\/blitzconquista.com.br\/index.php?rest_route=%2Fwp%2Fv2%2Ftags&post=61822"}],"curies":[{"name":"wp","href":"https:\/\/api.w.org\/{rel}","templated":true}]}}