{"id":61830,"date":"2017-07-24T00:31:24","date_gmt":"2017-07-24T03:31:24","guid":{"rendered":"http:\/\/blitzconquista.com.br\/?p=61830"},"modified":"2017-07-24T00:31:24","modified_gmt":"2017-07-24T03:31:24","slug":"um-morto-e-outro-ferido-em-capotamento-de-caminhonete-na-br-116","status":"publish","type":"post","link":"https:\/\/blitzconquista.com.br\/?p=61830","title":{"rendered":"Um morto e outro ferido em capotamento de caminhonete na BR 116"},"content":{"rendered":"<p>Uma pessoa morreu e outra ficou ferida gravemente no acidente ocorrido por volta das 20h30 desse domingo, 23, no km 816 da BR 116, altura ao Centro Industrial de Vit\u00f3ria da Conquista.<\/p>\n<p><img decoding=\"async\" loading=\"lazy\" class=\"size-large wp-image-61831 aligncenter\" src=\"http:\/\/blitzconquista.com.br\/wp-content\/uploads\/2017\/07\/DSC_0534_24-07-2017-695x461.jpg\" alt=\"\" width=\"695\" height=\"461\" srcset=\"https:\/\/blitzconquista.com.br\/wp-content\/uploads\/2017\/07\/DSC_0534_24-07-2017-695x461.jpg 695w, https:\/\/blitzconquista.com.br\/wp-content\/uploads\/2017\/07\/DSC_0534_24-07-2017-300x200.jpg 300w, https:\/\/blitzconquista.com.br\/wp-content\/uploads\/2017\/07\/DSC_0534_24-07-2017-768x509.jpg 768w, https:\/\/blitzconquista.com.br\/wp-content\/uploads\/2017\/07\/DSC_0534_24-07-2017-414x276.jpg 414w, https:\/\/blitzconquista.com.br\/wp-content\/uploads\/2017\/07\/DSC_0534_24-07-2017-470x313.jpg 470w, https:\/\/blitzconquista.com.br\/wp-content\/uploads\/2017\/07\/DSC_0534_24-07-2017-640x426.jpg 640w, https:\/\/blitzconquista.com.br\/wp-content\/uploads\/2017\/07\/DSC_0534_24-07-2017-130x86.jpg 130w, https:\/\/blitzconquista.com.br\/wp-content\/uploads\/2017\/07\/DSC_0534_24-07-2017-187x124.jpg 187w, https:\/\/blitzconquista.com.br\/wp-content\/uploads\/2017\/07\/DSC_0534_24-07-2017.jpg 990w\" sizes=\"(max-width: 695px) 100vw, 695px\" \/><\/p>\n<p>A caminhonete, modelo Silverado, seguia em dire\u00e7\u00e3o a cidade quando, numa ultrapassarem, colidiu lateralmente em dois carros de passeio, na traseira de um caminh\u00e3o e capotou.<\/p>\n<p><img decoding=\"async\" loading=\"lazy\" class=\"size-large wp-image-61832 aligncenter\" src=\"http:\/\/blitzconquista.com.br\/wp-content\/uploads\/2017\/07\/DSC_0535_24-07-2017-695x461.jpg\" alt=\"\" width=\"695\" height=\"461\" srcset=\"https:\/\/blitzconquista.com.br\/wp-content\/uploads\/2017\/07\/DSC_0535_24-07-2017-695x461.jpg 695w, https:\/\/blitzconquista.com.br\/wp-content\/uploads\/2017\/07\/DSC_0535_24-07-2017-300x200.jpg 300w, https:\/\/blitzconquista.com.br\/wp-content\/uploads\/2017\/07\/DSC_0535_24-07-2017-768x509.jpg 768w, https:\/\/blitzconquista.com.br\/wp-content\/uploads\/2017\/07\/DSC_0535_24-07-2017-414x276.jpg 414w, https:\/\/blitzconquista.com.br\/wp-content\/uploads\/2017\/07\/DSC_0535_24-07-2017-470x313.jpg 470w, https:\/\/blitzconquista.com.br\/wp-content\/uploads\/2017\/07\/DSC_0535_24-07-2017-640x426.jpg 640w, https:\/\/blitzconquista.com.br\/wp-content\/uploads\/2017\/07\/DSC_0535_24-07-2017-130x86.jpg 130w, https:\/\/blitzconquista.com.br\/wp-content\/uploads\/2017\/07\/DSC_0535_24-07-2017-187x124.jpg 187w, https:\/\/blitzconquista.com.br\/wp-content\/uploads\/2017\/07\/DSC_0535_24-07-2017.jpg 990w\" sizes=\"(max-width: 695px) 100vw, 695px\" \/><\/p>\n<p>Um dos ocupantes foi lan\u00e7ado para fora e ficou com parte do corpo debaixo do carro, morrendo no local. A segunda v\u00edtima ficou presa as ferragens, tendo que ser retirado das ferragens e socorrido pelos Bombeiros, socorristas da Via Bahia e Samu 192. Ele foi encaminhado ao hospital de Base.<\/p>\n<p>Ap\u00f3s a realiza\u00e7\u00e3o da per\u00edcia t\u00e9cnica, o corpo foi encaminhado ao Instituto M\u00e9dico Legal.<\/p>\n","protected":false},"excerpt":{"rendered":"<p>Uma pessoa morreu e outra ficou ferida gravemente no acidente ocorrido por volta das 20h30 desse domingo, 23, no km 816 da BR 116, altura ao Centro Industrial de Vit\u00f3ria da Conquista. A caminhonete, modelo Silverado, seguia em dire\u00e7\u00e3o a cidade quando, numa ultrapassarem, colidiu lateralmente em dois carros de passeio, na traseira de um [&hellip;]<\/p>\n","protected":false},"author":1,"featured_media":61833,"comment_status":"closed","ping_status":"closed","sticky":false,"template":"","format":"standard","meta":[],"categories":[212,7],"tags":[],"_links":{"self":[{"href":"https:\/\/blitzconquista.com.br\/index.php?rest_route=\/wp\/v2\/posts\/61830"}],"collection":[{"href":"https:\/\/blitzconquista.com.br\/index.php?rest_route=\/wp\/v2\/posts"}],"about":[{"href":"https:\/\/blitzconquista.com.br\/index.php?rest_route=\/wp\/v2\/types\/post"}],"author":[{"embeddable":true,"href":"https:\/\/blitzconquista.com.br\/index.php?rest_route=\/wp\/v2\/users\/1"}],"replies":[{"embeddable":true,"href":"https:\/\/blitzconquista.com.br\/index.php?rest_route=%2Fwp%2Fv2%2Fcomments&post=61830"}],"version-history":[{"count":1,"href":"https:\/\/blitzconquista.com.br\/index.php?rest_route=\/wp\/v2\/posts\/61830\/revisions"}],"predecessor-version":[{"id":61834,"href":"https:\/\/blitzconquista.com.br\/index.php?rest_route=\/wp\/v2\/posts\/61830\/revisions\/61834"}],"wp:featuredmedia":[{"embeddable":true,"href":"https:\/\/blitzconquista.com.br\/index.php?rest_route=\/wp\/v2\/media\/61833"}],"wp:attachment":[{"href":"https:\/\/blitzconquista.com.br\/index.php?rest_route=%2Fwp%2Fv2%2Fmedia&parent=61830"}],"wp:term":[{"taxonomy":"category","embeddable":true,"href":"https:\/\/blitzconquista.com.br\/index.php?rest_route=%2Fwp%2Fv2%2Fcategories&post=61830"},{"taxonomy":"post_tag","embeddable":true,"href":"https:\/\/blitzconquista.com.br\/index.php?rest_route=%2Fwp%2Fv2%2Ftags&post=61830"}],"curies":[{"name":"wp","href":"https:\/\/api.w.org\/{rel}","templated":true}]}}