{"id":61843,"date":"2017-07-24T14:17:12","date_gmt":"2017-07-24T17:17:12","guid":{"rendered":"http:\/\/blitzconquista.com.br\/?p=61843"},"modified":"2017-07-24T15:16:02","modified_gmt":"2017-07-24T18:16:02","slug":"prefeito-envia-projeto-de-lei-para-concessao-de-subvencao-de-r-3-milhoes-para-emurc-votacao-sera-nessa-terca-25","status":"publish","type":"post","link":"https:\/\/blitzconquista.com.br\/?p=61843","title":{"rendered":"Prefeito envia projeto de lei para concess\u00e3o de subven\u00e7\u00e3o de R$ 6 milh\u00f5es para Emurc; vota\u00e7\u00e3o ser\u00e1 nessa ter\u00e7a, 25"},"content":{"rendered":"<p>A C\u00e2mara de Vereadores de Vit\u00f3ria da Conquista est\u00e1 de recesso, por\u00e9m, um Projeto de Lei Enviado pelo Executivo Municipal foi o suficiente para Presid\u00eancia da Casa convocar sess\u00e3o extraordin\u00e1ria a fim de atender Pereira.<\/p>\n<p>Enviado na \u00faltima sexta, 21, a Presid\u00eancia da casa tomou iniciativa de n\u00e3o esperar para votar o Projeto que prev\u00ea conceder subven\u00e7\u00e3o econ\u00f4mica a Emurc \u2013 Empresa Municipal de Urbanismo de R$ 3 milh\u00f5es em 2017 e o mesmo valor no pr\u00f3ximo ano, chegando a R$ 6 milh\u00f5es de reais em dois anos. Ou seja, o valor seria retirado do cofre p\u00fablico da cidade e entregue a empresa.<\/p>\n<p>O Projeto de Lei feito as pressas para \u201cdoar\u201d a Emurc o alto valor, n\u00e3o est\u00e1 bem clara para os parlamentares que votar\u00e3o a proposta. Muitos est\u00e3o estranhando o motivo da pressa do executivo. Alguns parlamentares acreditam que h\u00e1 algo n\u00e3o revelado para que o Projeto n\u00e3o seja votado ap\u00f3s retorno do recesso.<\/p>\n<p>&nbsp;<\/p>\n<div id='gallery-1' class='gallery galleryid-61843 gallery-columns-2 gallery-size-herald-lay-a'><figure class='gallery-item'>\n\t\t\t<div class='gallery-icon portrait'>\n\t\t\t\t<a class=\"herald-popup\" href='https:\/\/blitzconquista.com.br\/wp-content\/uploads\/2017\/07\/e4f245f7-535a-4183-93ca-23e28a15064a-1.jpg'><img width=\"573\" height=\"556\" src=\"https:\/\/blitzconquista.com.br\/wp-content\/uploads\/2017\/07\/e4f245f7-535a-4183-93ca-23e28a15064a-1-573x556.jpg\" class=\"attachment-herald-lay-a size-herald-lay-a\" alt=\"\" decoding=\"async\" loading=\"lazy\" srcset=\"https:\/\/blitzconquista.com.br\/wp-content\/uploads\/2017\/07\/e4f245f7-535a-4183-93ca-23e28a15064a-1-573x556.jpg 573w, https:\/\/blitzconquista.com.br\/wp-content\/uploads\/2017\/07\/e4f245f7-535a-4183-93ca-23e28a15064a-1-434x420.jpg 434w\" sizes=\"(max-width: 573px) 100vw, 573px\" \/><\/a>\n\t\t\t<\/div><\/figure><figure class='gallery-item'>\n\t\t\t<div class='gallery-icon portrait'>\n\t\t\t\t<a class=\"herald-popup\" href='https:\/\/blitzconquista.com.br\/wp-content\/uploads\/2017\/07\/c891e3c1-050d-4874-a89f-af18ec4a9dbc.jpg'><img width=\"585\" height=\"556\" src=\"https:\/\/blitzconquista.com.br\/wp-content\/uploads\/2017\/07\/c891e3c1-050d-4874-a89f-af18ec4a9dbc-585x556.jpg\" class=\"attachment-herald-lay-a size-herald-lay-a\" alt=\"\" decoding=\"async\" loading=\"lazy\" \/><\/a>\n\t\t\t<\/div><\/figure>\n\t\t<\/div>\n\n","protected":false},"excerpt":{"rendered":"<p>A C\u00e2mara de Vereadores de Vit\u00f3ria da Conquista est\u00e1 de recesso, por\u00e9m, um Projeto de Lei Enviado pelo Executivo Municipal foi o suficiente para Presid\u00eancia da Casa convocar sess\u00e3o extraordin\u00e1ria a fim de atender Pereira. Enviado na \u00faltima sexta, 21, a Presid\u00eancia da casa tomou iniciativa de n\u00e3o esperar para votar o Projeto que prev\u00ea [&hellip;]<\/p>\n","protected":false},"author":1,"featured_media":61844,"comment_status":"closed","ping_status":"closed","sticky":false,"template":"","format":"standard","meta":[],"categories":[212,5],"tags":[],"_links":{"self":[{"href":"https:\/\/blitzconquista.com.br\/index.php?rest_route=\/wp\/v2\/posts\/61843"}],"collection":[{"href":"https:\/\/blitzconquista.com.br\/index.php?rest_route=\/wp\/v2\/posts"}],"about":[{"href":"https:\/\/blitzconquista.com.br\/index.php?rest_route=\/wp\/v2\/types\/post"}],"author":[{"embeddable":true,"href":"https:\/\/blitzconquista.com.br\/index.php?rest_route=\/wp\/v2\/users\/1"}],"replies":[{"embeddable":true,"href":"https:\/\/blitzconquista.com.br\/index.php?rest_route=%2Fwp%2Fv2%2Fcomments&post=61843"}],"version-history":[{"count":3,"href":"https:\/\/blitzconquista.com.br\/index.php?rest_route=\/wp\/v2\/posts\/61843\/revisions"}],"predecessor-version":[{"id":61853,"href":"https:\/\/blitzconquista.com.br\/index.php?rest_route=\/wp\/v2\/posts\/61843\/revisions\/61853"}],"wp:featuredmedia":[{"embeddable":true,"href":"https:\/\/blitzconquista.com.br\/index.php?rest_route=\/wp\/v2\/media\/61844"}],"wp:attachment":[{"href":"https:\/\/blitzconquista.com.br\/index.php?rest_route=%2Fwp%2Fv2%2Fmedia&parent=61843"}],"wp:term":[{"taxonomy":"category","embeddable":true,"href":"https:\/\/blitzconquista.com.br\/index.php?rest_route=%2Fwp%2Fv2%2Fcategories&post=61843"},{"taxonomy":"post_tag","embeddable":true,"href":"https:\/\/blitzconquista.com.br\/index.php?rest_route=%2Fwp%2Fv2%2Ftags&post=61843"}],"curies":[{"name":"wp","href":"https:\/\/api.w.org\/{rel}","templated":true}]}}