{"id":61876,"date":"2017-07-25T01:20:33","date_gmt":"2017-07-25T04:20:33","guid":{"rendered":"http:\/\/blitzconquista.com.br\/?p=61876"},"modified":"2017-07-25T01:20:33","modified_gmt":"2017-07-25T04:20:33","slug":"tiro-de-12-homem-e-assassinado-no-bairro-brasil","status":"publish","type":"post","link":"https:\/\/blitzconquista.com.br\/?p=61876","title":{"rendered":"Tiro de \u201c12\u201d: homem \u00e9 assassinado no bairro Brasil"},"content":{"rendered":"<p>Ademar Lemos de Oliveira, de 40 anos, foi assassinado a tiros na madrugada dessa ter\u00e7a, 25, na Av. Itabuna, bairro Brasil, em Vit\u00f3ria da Conquista.<\/p>\n<p><img decoding=\"async\" loading=\"lazy\" class=\"wp-image-61877 aligncenter\" src=\"http:\/\/blitzconquista.com.br\/wp-content\/uploads\/2017\/07\/DSC_0541_25-07-2017-547x653.jpg\" alt=\"\" width=\"312\" height=\"373\" srcset=\"https:\/\/blitzconquista.com.br\/wp-content\/uploads\/2017\/07\/DSC_0541_25-07-2017-547x653.jpg 547w, https:\/\/blitzconquista.com.br\/wp-content\/uploads\/2017\/07\/DSC_0541_25-07-2017-251x300.jpg 251w, https:\/\/blitzconquista.com.br\/wp-content\/uploads\/2017\/07\/DSC_0541_25-07-2017-768x916.jpg 768w, https:\/\/blitzconquista.com.br\/wp-content\/uploads\/2017\/07\/DSC_0541_25-07-2017.jpg 990w\" sizes=\"(max-width: 312px) 100vw, 312px\" \/><\/p>\n<p>A v\u00edtima sa\u00eda da casa de familiares e se preparava para entrar em sua picape, quando foi surpreendida pelos atiradores, que fugiram em um Celta Branco.<\/p>\n<p><img decoding=\"async\" loading=\"lazy\" class=\"size-large wp-image-61879 aligncenter\" src=\"http:\/\/blitzconquista.com.br\/wp-content\/uploads\/2017\/07\/DSC_0545_25-07-2017-695x461.jpg\" alt=\"\" width=\"695\" height=\"461\" srcset=\"https:\/\/blitzconquista.com.br\/wp-content\/uploads\/2017\/07\/DSC_0545_25-07-2017-695x461.jpg 695w, https:\/\/blitzconquista.com.br\/wp-content\/uploads\/2017\/07\/DSC_0545_25-07-2017-300x200.jpg 300w, https:\/\/blitzconquista.com.br\/wp-content\/uploads\/2017\/07\/DSC_0545_25-07-2017-768x509.jpg 768w, https:\/\/blitzconquista.com.br\/wp-content\/uploads\/2017\/07\/DSC_0545_25-07-2017-414x276.jpg 414w, https:\/\/blitzconquista.com.br\/wp-content\/uploads\/2017\/07\/DSC_0545_25-07-2017-470x313.jpg 470w, https:\/\/blitzconquista.com.br\/wp-content\/uploads\/2017\/07\/DSC_0545_25-07-2017-640x426.jpg 640w, https:\/\/blitzconquista.com.br\/wp-content\/uploads\/2017\/07\/DSC_0545_25-07-2017-130x86.jpg 130w, https:\/\/blitzconquista.com.br\/wp-content\/uploads\/2017\/07\/DSC_0545_25-07-2017-187x124.jpg 187w, https:\/\/blitzconquista.com.br\/wp-content\/uploads\/2017\/07\/DSC_0545_25-07-2017.jpg 990w\" sizes=\"(max-width: 695px) 100vw, 695px\" \/><\/p>\n<p>Pessoas relataram que os estampidos foram estrondosos. No local foi encontrado um cartucho de espingarda calibre 12, o que justifica o som forte.<\/p>\n<p><img decoding=\"async\" loading=\"lazy\" class=\"size-large wp-image-61880 aligncenter\" src=\"http:\/\/blitzconquista.com.br\/wp-content\/uploads\/2017\/07\/DSC_0549_25-07-2017-695x454.jpg\" alt=\"\" width=\"695\" height=\"454\" srcset=\"https:\/\/blitzconquista.com.br\/wp-content\/uploads\/2017\/07\/DSC_0549_25-07-2017-695x454.jpg 695w, https:\/\/blitzconquista.com.br\/wp-content\/uploads\/2017\/07\/DSC_0549_25-07-2017-300x196.jpg 300w, https:\/\/blitzconquista.com.br\/wp-content\/uploads\/2017\/07\/DSC_0549_25-07-2017-768x502.jpg 768w, https:\/\/blitzconquista.com.br\/wp-content\/uploads\/2017\/07\/DSC_0549_25-07-2017-130x86.jpg 130w, https:\/\/blitzconquista.com.br\/wp-content\/uploads\/2017\/07\/DSC_0549_25-07-2017.jpg 990w\" sizes=\"(max-width: 695px) 100vw, 695px\" \/><\/p>\n<p>De acordo com a pol\u00edcia, Ademar tem antecedentes criminais, inclusive por suspeita de roubo.<\/p>\n<p class=\"entry-title h1\"><strong><a href=\"http:\/\/blitzconquista.com.br\/pc-prende-dupla-suspeita-de-envolvimento-em-roubo-no-bairro-candeias\/\">PC prende dupla suspeita de envolvimento em roubo no bairro Candeias<\/a><\/strong><\/p>\n<p>Ainda \u00e9 desconhecida a motiva\u00e7\u00e3o do crime.<\/p>\n<p>A delegacia de Homic\u00eddios ser\u00e1 respons\u00e1vel pela investiga\u00e7\u00e3o do assassinato.<\/p>\n","protected":false},"excerpt":{"rendered":"<p>Ademar Lemos de Oliveira, de 40 anos, foi assassinado a tiros na madrugada dessa ter\u00e7a, 25, na Av. Itabuna, bairro Brasil, em Vit\u00f3ria da Conquista. A v\u00edtima sa\u00eda da casa de familiares e se preparava para entrar em sua picape, quando foi surpreendida pelos atiradores, que fugiram em um Celta Branco. Pessoas relataram que os [&hellip;]<\/p>\n","protected":false},"author":1,"featured_media":61878,"comment_status":"closed","ping_status":"closed","sticky":false,"template":"","format":"standard","meta":[],"categories":[212,3],"tags":[],"_links":{"self":[{"href":"https:\/\/blitzconquista.com.br\/index.php?rest_route=\/wp\/v2\/posts\/61876"}],"collection":[{"href":"https:\/\/blitzconquista.com.br\/index.php?rest_route=\/wp\/v2\/posts"}],"about":[{"href":"https:\/\/blitzconquista.com.br\/index.php?rest_route=\/wp\/v2\/types\/post"}],"author":[{"embeddable":true,"href":"https:\/\/blitzconquista.com.br\/index.php?rest_route=\/wp\/v2\/users\/1"}],"replies":[{"embeddable":true,"href":"https:\/\/blitzconquista.com.br\/index.php?rest_route=%2Fwp%2Fv2%2Fcomments&post=61876"}],"version-history":[{"count":1,"href":"https:\/\/blitzconquista.com.br\/index.php?rest_route=\/wp\/v2\/posts\/61876\/revisions"}],"predecessor-version":[{"id":61881,"href":"https:\/\/blitzconquista.com.br\/index.php?rest_route=\/wp\/v2\/posts\/61876\/revisions\/61881"}],"wp:featuredmedia":[{"embeddable":true,"href":"https:\/\/blitzconquista.com.br\/index.php?rest_route=\/wp\/v2\/media\/61878"}],"wp:attachment":[{"href":"https:\/\/blitzconquista.com.br\/index.php?rest_route=%2Fwp%2Fv2%2Fmedia&parent=61876"}],"wp:term":[{"taxonomy":"category","embeddable":true,"href":"https:\/\/blitzconquista.com.br\/index.php?rest_route=%2Fwp%2Fv2%2Fcategories&post=61876"},{"taxonomy":"post_tag","embeddable":true,"href":"https:\/\/blitzconquista.com.br\/index.php?rest_route=%2Fwp%2Fv2%2Ftags&post=61876"}],"curies":[{"name":"wp","href":"https:\/\/api.w.org\/{rel}","templated":true}]}}