{"id":61886,"date":"2017-07-25T08:04:51","date_gmt":"2017-07-25T11:04:51","guid":{"rendered":"http:\/\/blitzconquista.com.br\/?p=61886"},"modified":"2017-07-25T13:05:39","modified_gmt":"2017-07-25T16:05:39","slug":"corpo-e-encontrado-na-estrada-da-pedra-branca","status":"publish","type":"post","link":"https:\/\/blitzconquista.com.br\/?p=61886","title":{"rendered":"Dois corpos s\u00e3o encontrados na estrada da Pedra Branca"},"content":{"rendered":"<p>Por volta das 8 h dessa ter\u00e7a, 25, dois corpos foram encontrados numa estrada vicinal na regi\u00e3o do povoado de Pedra Branca. A pol\u00edcia foi chamada por populares que se depararam com as v\u00edtimas j\u00e1 mortas,.<\/p>\n<p>De acordo com informa\u00e7\u00f5es da pol\u00edcia, as v\u00edtimas foram baleadas e esfaqueadas.<\/p>\n<p><img decoding=\"async\" loading=\"lazy\" class=\"size-large wp-image-61892 aligncenter\" src=\"http:\/\/blitzconquista.com.br\/wp-content\/uploads\/2017\/07\/DSC_0553-695x460.jpg\" alt=\"\" width=\"695\" height=\"460\" srcset=\"https:\/\/blitzconquista.com.br\/wp-content\/uploads\/2017\/07\/DSC_0553-695x460.jpg 695w, https:\/\/blitzconquista.com.br\/wp-content\/uploads\/2017\/07\/DSC_0553-300x200.jpg 300w, https:\/\/blitzconquista.com.br\/wp-content\/uploads\/2017\/07\/DSC_0553-768x509.jpg 768w, https:\/\/blitzconquista.com.br\/wp-content\/uploads\/2017\/07\/DSC_0553-130x86.jpg 130w, https:\/\/blitzconquista.com.br\/wp-content\/uploads\/2017\/07\/DSC_0553-187x124.jpg 187w, https:\/\/blitzconquista.com.br\/wp-content\/uploads\/2017\/07\/DSC_0553.jpg 800w\" sizes=\"(max-width: 695px) 100vw, 695px\" \/><\/p>\n<p>A pol\u00edcia investiga se o crime tem rela\u00e7\u00e3o com a tentativa de homic\u00eddio sofrida pelo jovem Michael Bruno Soares de Jesus, de 19 anos, que pediu socorro a uma guarni\u00e7\u00e3o da PM, na Av. Integra\u00e7\u00e3o, pr\u00f3ximo a Pousada da Conquista.<\/p>\n<p>Ele relatou aos militares que teria sido raptado, colocado em um carro e levado at\u00e9 a regi\u00e3o da Pedra Branca, onde foi alvejado com um tiro na cabe\u00e7a.<\/p>\n<figure id=\"attachment_61891\" aria-describedby=\"caption-attachment-61891\" style=\"width: 695px\" class=\"wp-caption aligncenter\"><img decoding=\"async\" loading=\"lazy\" class=\"size-large wp-image-61891\" src=\"http:\/\/blitzconquista.com.br\/wp-content\/uploads\/2017\/07\/DSC_0554_25-07-2017-695x461.jpg\" alt=\"\" width=\"695\" height=\"461\" srcset=\"https:\/\/blitzconquista.com.br\/wp-content\/uploads\/2017\/07\/DSC_0554_25-07-2017-695x461.jpg 695w, https:\/\/blitzconquista.com.br\/wp-content\/uploads\/2017\/07\/DSC_0554_25-07-2017-300x200.jpg 300w, https:\/\/blitzconquista.com.br\/wp-content\/uploads\/2017\/07\/DSC_0554_25-07-2017-768x509.jpg 768w, https:\/\/blitzconquista.com.br\/wp-content\/uploads\/2017\/07\/DSC_0554_25-07-2017-414x276.jpg 414w, https:\/\/blitzconquista.com.br\/wp-content\/uploads\/2017\/07\/DSC_0554_25-07-2017-470x313.jpg 470w, https:\/\/blitzconquista.com.br\/wp-content\/uploads\/2017\/07\/DSC_0554_25-07-2017-640x426.jpg 640w, https:\/\/blitzconquista.com.br\/wp-content\/uploads\/2017\/07\/DSC_0554_25-07-2017-130x86.jpg 130w, https:\/\/blitzconquista.com.br\/wp-content\/uploads\/2017\/07\/DSC_0554_25-07-2017-187x124.jpg 187w, https:\/\/blitzconquista.com.br\/wp-content\/uploads\/2017\/07\/DSC_0554_25-07-2017.jpg 990w\" sizes=\"(max-width: 695px) 100vw, 695px\" \/><figcaption id=\"caption-attachment-61891\" class=\"wp-caption-text\">Per\u00edcia e Pol\u00edcia Civil verificam rastro de sangue na estrada vicinal.<\/figcaption><\/figure>\n<p>Agora a pol\u00edcia quer saber de Michael se ele estava com as duas v\u00edtimas mortas e quem foram os autores do crime.<\/p>\n<p>Ainda n\u00e3o h\u00e1 informa\u00e7\u00f5es sobre identifica\u00e7\u00e3o dos corpos.<\/p>\n","protected":false},"excerpt":{"rendered":"<p>Por volta das 8 h dessa ter\u00e7a, 25, dois corpos foram encontrados numa estrada vicinal na regi\u00e3o do povoado de Pedra Branca. A pol\u00edcia foi chamada por populares que se depararam com as v\u00edtimas j\u00e1 mortas,. De acordo com informa\u00e7\u00f5es da pol\u00edcia, as v\u00edtimas foram baleadas e esfaqueadas. A pol\u00edcia investiga se o crime tem [&hellip;]<\/p>\n","protected":false},"author":1,"featured_media":61890,"comment_status":"closed","ping_status":"closed","sticky":false,"template":"","format":"standard","meta":[],"categories":[212,3],"tags":[],"_links":{"self":[{"href":"https:\/\/blitzconquista.com.br\/index.php?rest_route=\/wp\/v2\/posts\/61886"}],"collection":[{"href":"https:\/\/blitzconquista.com.br\/index.php?rest_route=\/wp\/v2\/posts"}],"about":[{"href":"https:\/\/blitzconquista.com.br\/index.php?rest_route=\/wp\/v2\/types\/post"}],"author":[{"embeddable":true,"href":"https:\/\/blitzconquista.com.br\/index.php?rest_route=\/wp\/v2\/users\/1"}],"replies":[{"embeddable":true,"href":"https:\/\/blitzconquista.com.br\/index.php?rest_route=%2Fwp%2Fv2%2Fcomments&post=61886"}],"version-history":[{"count":4,"href":"https:\/\/blitzconquista.com.br\/index.php?rest_route=\/wp\/v2\/posts\/61886\/revisions"}],"predecessor-version":[{"id":61893,"href":"https:\/\/blitzconquista.com.br\/index.php?rest_route=\/wp\/v2\/posts\/61886\/revisions\/61893"}],"wp:featuredmedia":[{"embeddable":true,"href":"https:\/\/blitzconquista.com.br\/index.php?rest_route=\/wp\/v2\/media\/61890"}],"wp:attachment":[{"href":"https:\/\/blitzconquista.com.br\/index.php?rest_route=%2Fwp%2Fv2%2Fmedia&parent=61886"}],"wp:term":[{"taxonomy":"category","embeddable":true,"href":"https:\/\/blitzconquista.com.br\/index.php?rest_route=%2Fwp%2Fv2%2Fcategories&post=61886"},{"taxonomy":"post_tag","embeddable":true,"href":"https:\/\/blitzconquista.com.br\/index.php?rest_route=%2Fwp%2Fv2%2Ftags&post=61886"}],"curies":[{"name":"wp","href":"https:\/\/api.w.org\/{rel}","templated":true}]}}