{"id":61897,"date":"2017-07-25T13:33:24","date_gmt":"2017-07-25T16:33:24","guid":{"rendered":"http:\/\/blitzconquista.com.br\/?p=61897"},"modified":"2017-07-25T13:33:24","modified_gmt":"2017-07-25T16:33:24","slug":"juiz-do-df-manda-suspender-decreto-que-aumentou-tributos-sobre-combustiveis","status":"publish","type":"post","link":"https:\/\/blitzconquista.com.br\/?p=61897","title":{"rendered":"Juiz do DF manda suspender decreto que aumentou tributos sobre combust\u00edveis"},"content":{"rendered":"<p class=\"content-head__subtitle\"><span style=\"color: #ff0000;\"><strong>Aumento foi anunciado pelo governo na semana passada e atingiu gasolina, etanol e diesel. AGU diz que vai recorrer da decis\u00e3o.<\/strong><\/span><\/p>\n<p><span style=\"color: #ff0000;\"><strong>Do G1<\/strong> <\/span>&#8211; O juiz substituto Renato Borelli, da 20\u00aa Vara Federal de Bras\u00edlia, determinou nesta ter\u00e7a-feira (25) a suspens\u00e3o imediata do decreto publicado na semana passada pelo governo e que\u00a0elevou a al\u00edquota de PIS\/Cofins que incide sobre a gasolina, o diesel e o etanol.<\/p>\n<div data-block-type=\"unstyled\" data-block-weight=\"16\">\n<p data-track-category=\"Link no Texto\" data-track-links=\"\">Procurada, a Advocacia-Geral da Uni\u00e3o (AGU) informou que vai recorrer da decis\u00e3o assim que for notificada.<\/p>\n<\/div>\n<div data-block-type=\"unstyled\" data-block-weight=\"24\">\n<p data-track-category=\"Link no Texto\" data-track-links=\"\">A decis\u00e3o liminar (provis\u00f3ria) vale para todo o pa\u00eds e atendeu a pedido feito em uma a\u00e7\u00e3o popular, movida pelo advogado Carlos Alexandre Klomfahs.<\/p>\n<\/div>\n<div data-block-type=\"unstyled\" data-block-weight=\"28\">\n<p data-track-category=\"Link no Texto\" data-track-links=\"\">Apesar de determinar a suspens\u00e3o imediata do decreto, tecnicamente a decis\u00e3o s\u00f3 vale quando o governo for notificado. A decis\u00e3o tamb\u00e9m determina o retorno dos pre\u00e7os dos combust\u00edveis.<\/p>\n<\/div>\n<div data-block-type=\"unstyled\" data-block-weight=\"53\">\n<p data-track-category=\"Link no Texto\" data-track-links=\"\">O aumento come\u00e7ou a valer na sexta (21). Segundo o governo, a tributa\u00e7\u00e3o sobre a gasolina subiu R$ 0,41 por litro e\u00a0mais que dobrou: passou a custar aos motoristas R$ 0,89 para cada litro de gasolina, se levada em considera\u00e7\u00e3o tamb\u00e9m a incid\u00eancia da Cide, que \u00e9 de R$ 0,10 por litro.<\/p>\n<\/div>\n<div data-block-type=\"unstyled\" data-block-weight=\"29\">\n<p data-track-category=\"Link no Texto\" data-track-links=\"\">A tribunta\u00e7\u00e3o sobre o diesel subiu em R$ 0,21 e ficou em R$ 0,46 por litro do combust\u00edvel. J\u00e1 a tributa\u00e7\u00e3o sobre o etanol subiu R$ 0,20 por litro.<\/p>\n<\/div>\n<div class=\"mc-column content-media content-media--normal content-photo\" data-block-type=\"backstage-photo\">\n<div class=\"content-media__container\">\n<div class=\"content-media__image-centered\">\n<div class=\"progressive-img can-open-lightbox\" data-min-size=\"1008x488\" data-min-size-url=\"https:\/\/s2.glbimg.com\/tlqynu9NW_EtX5dieih4L7verUc=\/0x0:654x317\/1008x0\/smart\/filters:strip_icc()\/i.s3.glbimg.com\/v1\/AUTH_59edd422c0c84a879bd37670ae4f538a\/internal_photos\/bs\/2017\/a\/P\/2P6QfBTl2ppCONfcWkPg\/alta-impostos-combustiveis.jpg\" data-max-size=\"1600x775\" data-max-size-url=\"https:\/\/s2.glbimg.com\/5Tq4jZsjTb5uXRsA_E4T0JfUvTA=\/0x0:654x317\/1600x0\/smart\/filters:strip_icc()\/i.s3.glbimg.com\/v1\/AUTH_59edd422c0c84a879bd37670ae4f538a\/internal_photos\/bs\/2017\/a\/P\/2P6QfBTl2ppCONfcWkPg\/alta-impostos-combustiveis.jpg\" data-media-index=\"0\"><picture><img decoding=\"async\" class=\"image content-media__image progressive-loaded\" title=\" (Foto: Minist\u00e9rio da Fazenda )\" src=\"https:\/\/s2.glbimg.com\/1yIhUt7213uQjkb4VFpzQcoGGGg=\/0x0:654x317\/984x0\/smart\/filters:strip_icc()\/i.s3.glbimg.com\/v1\/AUTH_59edd422c0c84a879bd37670ae4f538a\/internal_photos\/bs\/2017\/a\/P\/2P6QfBTl2ppCONfcWkPg\/alta-impostos-combustiveis.jpg\" alt=\" (Foto: Minist\u00e9rio da Fazenda )\" data-src=\"https:\/\/s2.glbimg.com\/1yIhUt7213uQjkb4VFpzQcoGGGg=\/0x0:654x317\/984x0\/smart\/filters:strip_icc()\/i.s3.glbimg.com\/v1\/AUTH_59edd422c0c84a879bd37670ae4f538a\/internal_photos\/bs\/2017\/a\/P\/2P6QfBTl2ppCONfcWkPg\/alta-impostos-combustiveis.jpg\" \/><\/picture><\/div>\n<\/div>\n<div class=\"content-media__description-centered \">\n<p class=\"content-media__description\"><i class=\"content-media__description__icon theme-color-primary\"><\/i><span class=\"content-media__description__caption\">(Foto: Minist\u00e9rio da Fazenda )<\/span><\/p>\n<\/div>\n<\/div>\n<\/div>\n<div class=\"mc-column content-text active-extra-styles \" data-block-type=\"unstyled\" data-block-weight=\"49\">\n<p class=\"content-text__container \" data-track-category=\"Link no Texto\" data-track-links=\"\">Borelli aponta que a decis\u00e3o do governo de elevar a tributa\u00e7\u00e3o sobre os combust\u00edveis via decreto \u00e9 inconstitucional. De acordo com o juiz federal, &#8220;o instrumento legislativo adequado \u00e0 cria\u00e7\u00e3o e \u00e0 majora\u00e7\u00e3o do tributo \u00e9, sem exce\u00e7\u00e3o, a Lei, n\u00e3o se prestando a tais objetivos outras esp\u00e9cies legislativas.&#8221;<\/p>\n<\/div>\n<div class=\"content-ads content-ads--reveal\">\n<div id=\"banner_materia2\" class=\"tag-manager-publicidade-container has-reveal has-ad-lazyload tag-manager-publicidade-banner_materia2 tag-manager-publicidade-container--carregado tag-manager-publicidade-container--visivel\" data-id=\"banner_materia2\" data-google-query-id=\"CNimqfDtpNUCFZQRkQodf-kDzg\" data-cid=\"138206834780\" data-lid=\"4367993880\">\n<div id=\"google_ads_iframe_\/95377733\/tvg_G1\/Economia_2__container__\">Ele aponta que a medida do governo prejudica o consumidor e n\u00e3o respeitou o princ\u00edpio segundo o qual nenhum tributo ser\u00e1 cobrado antes de noventa dias da publica\u00e7\u00e3o da lei que o instituiu ou aumentou.<\/div>\n<\/div>\n<\/div>\n<div class=\"mc-column content-text active-extra-styles \" data-block-type=\"unstyled\" data-block-weight=\"32\">\n<p class=\"content-text__container \" data-track-category=\"Link no Texto\" data-track-links=\"\">&#8220;N\u00e3o pode o Governo Federal, portanto, sob a justificativa da arrecada\u00e7\u00e3o, violar a Constitui\u00e7\u00e3o Federal, isto \u00e9, violar os princ\u00edpios constitucionais, que s\u00e3o os instrumentos dos Direitos Humanos&#8221;, afirma Borelli na decis\u00e3o.<\/p>\n<\/div>\n<div class=\"mc-column content-text active-extra-styles\" data-block-type=\"raw\" data-block-weight=\"4\">\n<div class=\"content-intertitle\">\n<h2>Contas p\u00fablicas no vermelho<\/h2>\n<\/div>\n<\/div>\n<div class=\"mc-column content-text active-extra-styles \" data-block-type=\"unstyled\" data-block-weight=\"39\">\n<p class=\"content-text__container \" data-track-category=\"Link no Texto\" data-track-links=\"\">Com o aumento da tributa\u00e7\u00e3o sobre os combust\u00edveis, o governo espera uma receita adicional de R$ 10,4 bilh\u00f5es no restante de 2017. O objetivo da medida foi elevar a arrecada\u00e7\u00e3o federal, que neste ano tem ficado abaixo da esperada.<\/p>\n<\/div>\n<div class=\"mc-column content-text active-extra-styles \" data-block-type=\"unstyled\" data-block-weight=\"28\">\n<p class=\"content-text__container \" data-track-category=\"Link no Texto\" data-track-links=\"\">Por conta da baixa arrecada\u00e7\u00e3o, o governo enfrenta dificuldades para cumprir a meta fiscal deste ano, que \u00e9 de d\u00e9ficit (despesas maiores que receitas) de R$ 139 bilh\u00f5es.<\/p>\n<\/div>\n<div class=\"mc-column content-text active-extra-styles \" data-block-type=\"unstyled\" data-block-weight=\"21\">\n<p class=\"content-text__container \" data-track-category=\"Link no Texto\" data-track-links=\"\">Junto com o aumento na tributa\u00e7\u00e3o dos combust\u00edveis, o governo anunciou o bloqueio de R$ 5,9 bilh\u00f5es do or\u00e7amento de 2017.<\/p>\n<\/div>\n<div class=\"mc-column content-text active-extra-styles \" data-block-type=\"unstyled\" data-block-weight=\"46\">\n<p class=\"content-text__container \" data-track-category=\"Link no Texto\" data-track-links=\"\">De acordo com a Receita Federal,\u00a0no primeiro semestre a arrecada\u00e7\u00e3o cresceu 0,77%. O resultado positivo, por\u00e9m, se deu pelo aumento das receitas do governo com royalties pagos por empresas que exploram petr\u00f3leo no pa\u00eds &#8211; a receita com impostos e contribui\u00e7\u00f5es caiu 0,20% no per\u00edodo.<\/p>\n<\/div>\n","protected":false},"excerpt":{"rendered":"<p>Aumento foi anunciado pelo governo na semana passada e atingiu gasolina, etanol e diesel. AGU diz que vai recorrer da decis\u00e3o. Do G1 &#8211; O juiz substituto Renato Borelli, da 20\u00aa Vara Federal de Bras\u00edlia, determinou nesta ter\u00e7a-feira (25) a suspens\u00e3o imediata do decreto publicado na semana passada pelo governo e que\u00a0elevou a al\u00edquota de [&hellip;]<\/p>\n","protected":false},"author":1,"featured_media":58612,"comment_status":"closed","ping_status":"closed","sticky":false,"template":"","format":"standard","meta":[],"categories":[4],"tags":[],"_links":{"self":[{"href":"https:\/\/blitzconquista.com.br\/index.php?rest_route=\/wp\/v2\/posts\/61897"}],"collection":[{"href":"https:\/\/blitzconquista.com.br\/index.php?rest_route=\/wp\/v2\/posts"}],"about":[{"href":"https:\/\/blitzconquista.com.br\/index.php?rest_route=\/wp\/v2\/types\/post"}],"author":[{"embeddable":true,"href":"https:\/\/blitzconquista.com.br\/index.php?rest_route=\/wp\/v2\/users\/1"}],"replies":[{"embeddable":true,"href":"https:\/\/blitzconquista.com.br\/index.php?rest_route=%2Fwp%2Fv2%2Fcomments&post=61897"}],"version-history":[{"count":1,"href":"https:\/\/blitzconquista.com.br\/index.php?rest_route=\/wp\/v2\/posts\/61897\/revisions"}],"predecessor-version":[{"id":61898,"href":"https:\/\/blitzconquista.com.br\/index.php?rest_route=\/wp\/v2\/posts\/61897\/revisions\/61898"}],"wp:featuredmedia":[{"embeddable":true,"href":"https:\/\/blitzconquista.com.br\/index.php?rest_route=\/wp\/v2\/media\/58612"}],"wp:attachment":[{"href":"https:\/\/blitzconquista.com.br\/index.php?rest_route=%2Fwp%2Fv2%2Fmedia&parent=61897"}],"wp:term":[{"taxonomy":"category","embeddable":true,"href":"https:\/\/blitzconquista.com.br\/index.php?rest_route=%2Fwp%2Fv2%2Fcategories&post=61897"},{"taxonomy":"post_tag","embeddable":true,"href":"https:\/\/blitzconquista.com.br\/index.php?rest_route=%2Fwp%2Fv2%2Ftags&post=61897"}],"curies":[{"name":"wp","href":"https:\/\/api.w.org\/{rel}","templated":true}]}}