{"id":61899,"date":"2017-07-25T14:16:50","date_gmt":"2017-07-25T17:16:50","guid":{"rendered":"http:\/\/blitzconquista.com.br\/?p=61899"},"modified":"2017-07-25T19:07:54","modified_gmt":"2017-07-25T22:07:54","slug":"itapetinga-dupla-assassinada-na-pedra-branca-seria-integrante-de-faccao-criminosa","status":"publish","type":"post","link":"https:\/\/blitzconquista.com.br\/?p=61899","title":{"rendered":"De Itapetinga: dupla assassinada na Pedra Branca \u00e9 suspeita de integrar fac\u00e7\u00e3o criminosa"},"content":{"rendered":"<p><strong><span style=\"color: #ff0000;\">Corpos encontrados carbonizados em Maiquinique pode ter rela\u00e7\u00e3o com o duplo homic\u00eddio<\/span><\/strong><\/p>\n<p>Os dois corpos encontrados na manh\u00e3 dessa ter\u00e7a, 25, numa estrada vicinal da Pedra Branca, Munic\u00edpio de Vit\u00f3ria da Conquista, s\u00e3o de Itapetinga. Seriam Ezequiel e Messias J\u00fanior. As primeiras informa\u00e7\u00f5es d\u00e3o conta que a dupla era suspeita de integrar fac\u00e7\u00e3o criminosa e teria vindo a Conquista para tomar pontos de tr\u00e1fico da fac\u00e7\u00e3o comandada por Nem Bomba.<\/p>\n<p>Eles foram raptados por rivais, levados at\u00e9 a Pedra Branca e assassinados a tiros e facadas. A terceira v\u00edtima conseguiu escapar.<\/p>\n<p>A disputa n\u00e3o para por a\u00ed. As fac\u00e7\u00f5es teriam ampliando a busca de territ\u00f3rio e avan\u00e7ado. H\u00e1 poucas horas, tr\u00eas corpos foram encontrados carbonizados na regi\u00e3o da cidade de Maiquinique, pr\u00f3ximo a Itapetinga. Ao que parece as mortes t\u00eam rela\u00e7\u00e3o direta com o duplo homic\u00eddio e tentativa em Conquista, sendo todos os cinco mortos da cidade de Itapetinga.<\/p>\n<p>Ainda segundo informa\u00e7\u00f5es preliminares, o grupo do traficante Nem bomba busca a aniquila\u00e7\u00e3o da fac\u00e7\u00e3o comandada por Dona Maria, em Conquista, mesma organiza\u00e7\u00e3o liderada por Valdir em Itapetinga.<\/p>\n<p>As Policias Civis de Vit\u00f3ria da Conquista e Itapetinga investigam o crime e afirmam que a resposta ser\u00e1 a altura.<\/p>\n","protected":false},"excerpt":{"rendered":"<p>Corpos encontrados carbonizados em Maiquinique pode ter rela\u00e7\u00e3o com o duplo homic\u00eddio Os dois corpos encontrados na manh\u00e3 dessa ter\u00e7a, 25, numa estrada vicinal da Pedra Branca, Munic\u00edpio de Vit\u00f3ria da Conquista, s\u00e3o de Itapetinga. Seriam Ezequiel e Messias J\u00fanior. As primeiras informa\u00e7\u00f5es d\u00e3o conta que a dupla era suspeita de integrar fac\u00e7\u00e3o criminosa e [&hellip;]<\/p>\n","protected":false},"author":1,"featured_media":61892,"comment_status":"closed","ping_status":"closed","sticky":false,"template":"","format":"standard","meta":[],"categories":[212],"tags":[],"_links":{"self":[{"href":"https:\/\/blitzconquista.com.br\/index.php?rest_route=\/wp\/v2\/posts\/61899"}],"collection":[{"href":"https:\/\/blitzconquista.com.br\/index.php?rest_route=\/wp\/v2\/posts"}],"about":[{"href":"https:\/\/blitzconquista.com.br\/index.php?rest_route=\/wp\/v2\/types\/post"}],"author":[{"embeddable":true,"href":"https:\/\/blitzconquista.com.br\/index.php?rest_route=\/wp\/v2\/users\/1"}],"replies":[{"embeddable":true,"href":"https:\/\/blitzconquista.com.br\/index.php?rest_route=%2Fwp%2Fv2%2Fcomments&post=61899"}],"version-history":[{"count":7,"href":"https:\/\/blitzconquista.com.br\/index.php?rest_route=\/wp\/v2\/posts\/61899\/revisions"}],"predecessor-version":[{"id":61907,"href":"https:\/\/blitzconquista.com.br\/index.php?rest_route=\/wp\/v2\/posts\/61899\/revisions\/61907"}],"wp:featuredmedia":[{"embeddable":true,"href":"https:\/\/blitzconquista.com.br\/index.php?rest_route=\/wp\/v2\/media\/61892"}],"wp:attachment":[{"href":"https:\/\/blitzconquista.com.br\/index.php?rest_route=%2Fwp%2Fv2%2Fmedia&parent=61899"}],"wp:term":[{"taxonomy":"category","embeddable":true,"href":"https:\/\/blitzconquista.com.br\/index.php?rest_route=%2Fwp%2Fv2%2Fcategories&post=61899"},{"taxonomy":"post_tag","embeddable":true,"href":"https:\/\/blitzconquista.com.br\/index.php?rest_route=%2Fwp%2Fv2%2Ftags&post=61899"}],"curies":[{"name":"wp","href":"https:\/\/api.w.org\/{rel}","templated":true}]}}