{"id":61913,"date":"2017-07-26T08:40:13","date_gmt":"2017-07-26T11:40:13","guid":{"rendered":"http:\/\/blitzconquista.com.br\/?p=61913"},"modified":"2017-07-26T08:40:13","modified_gmt":"2017-07-26T11:40:13","slug":"com-articulacao-de-fabricio-macarani-recebe-unidade-calcadista-que-deve-gerar-600-empregos","status":"publish","type":"post","link":"https:\/\/blitzconquista.com.br\/?p=61913","title":{"rendered":"Com articula\u00e7\u00e3o de Fabr\u00edcio, Macarani recebe unidade cal\u00e7adista que deve gerar 600 empregos"},"content":{"rendered":"<p>O dia foi de festa, nessa ter\u00e7a, 25, em Macarani com a entrega de um galp\u00e3o para uma empresa do ramo cal\u00e7adista que tem previs\u00e3o de investir R$ 2,5 milh\u00f5es e gerar 600 novos empregos diretos para produ\u00e7\u00e3o de 1,68 milh\u00e3o de pares de cal\u00e7ados ao ano. A instala\u00e7\u00e3o do empreendimento \u00e9 fruto da articula\u00e7\u00e3o do deputado Fabr\u00edcio Falc\u00e3o e do prefeito Dr. Miller Ferraz junto ao governo estadual. \u201cEstamos discutindo com o prefeito Dr. Miller o desenvolvimento de Macarani e buscando caminhos para gerar emprego e renda para a popula\u00e7\u00e3o. Essa \u00e9 a maior preocupa\u00e7\u00e3o do prefeito e \u00e9 tamb\u00e9m a nossa. Por isso, hoje \u00e9 um dia de alegria, de conquista. Eu agrade\u00e7o ao nosso governador Rui Costa e ao secret\u00e1rio Jaques Wagner que atenderam a nossa solicita\u00e7\u00e3o. Estamos trabalhando e vem mais coisa boa por a\u00ed\u201d, disse o deputado Fabr\u00edcio.<\/p>\n<p>A entrega do espa\u00e7o foi feira pelo secret\u00e1rio de Desenvolvimento Econ\u00f4mico, Jaques Wagner, que afirmou recentemente que a melhor pol\u00edtica social \u00e9 criar emprego e renda. A Suzana Santos \u00e9 uma empresa catarinense com 22 anos de mercado e atua na fabrica\u00e7\u00e3o de cal\u00e7ados femininos desde 1995. Sua chegada na Bahia foi em 2015, onde j\u00e1 possui filiais em Itapetinga, Itarantim, Potiguar\u00e1, Maiquinique e Igua\u00ed, gerando cerca de 1.600 empregos diretos.<\/p>\n<p>*Assessoria<\/p>\n","protected":false},"excerpt":{"rendered":"<p>O dia foi de festa, nessa ter\u00e7a, 25, em Macarani com a entrega de um galp\u00e3o para uma empresa do ramo cal\u00e7adista que tem previs\u00e3o de investir R$ 2,5 milh\u00f5es e gerar 600 novos empregos diretos para produ\u00e7\u00e3o de 1,68 milh\u00e3o de pares de cal\u00e7ados ao ano. A instala\u00e7\u00e3o do empreendimento \u00e9 fruto da articula\u00e7\u00e3o [&hellip;]<\/p>\n","protected":false},"author":1,"featured_media":61914,"comment_status":"closed","ping_status":"closed","sticky":false,"template":"","format":"standard","meta":[],"categories":[5],"tags":[],"_links":{"self":[{"href":"https:\/\/blitzconquista.com.br\/index.php?rest_route=\/wp\/v2\/posts\/61913"}],"collection":[{"href":"https:\/\/blitzconquista.com.br\/index.php?rest_route=\/wp\/v2\/posts"}],"about":[{"href":"https:\/\/blitzconquista.com.br\/index.php?rest_route=\/wp\/v2\/types\/post"}],"author":[{"embeddable":true,"href":"https:\/\/blitzconquista.com.br\/index.php?rest_route=\/wp\/v2\/users\/1"}],"replies":[{"embeddable":true,"href":"https:\/\/blitzconquista.com.br\/index.php?rest_route=%2Fwp%2Fv2%2Fcomments&post=61913"}],"version-history":[{"count":1,"href":"https:\/\/blitzconquista.com.br\/index.php?rest_route=\/wp\/v2\/posts\/61913\/revisions"}],"predecessor-version":[{"id":61915,"href":"https:\/\/blitzconquista.com.br\/index.php?rest_route=\/wp\/v2\/posts\/61913\/revisions\/61915"}],"wp:featuredmedia":[{"embeddable":true,"href":"https:\/\/blitzconquista.com.br\/index.php?rest_route=\/wp\/v2\/media\/61914"}],"wp:attachment":[{"href":"https:\/\/blitzconquista.com.br\/index.php?rest_route=%2Fwp%2Fv2%2Fmedia&parent=61913"}],"wp:term":[{"taxonomy":"category","embeddable":true,"href":"https:\/\/blitzconquista.com.br\/index.php?rest_route=%2Fwp%2Fv2%2Fcategories&post=61913"},{"taxonomy":"post_tag","embeddable":true,"href":"https:\/\/blitzconquista.com.br\/index.php?rest_route=%2Fwp%2Fv2%2Ftags&post=61913"}],"curies":[{"name":"wp","href":"https:\/\/api.w.org\/{rel}","templated":true}]}}