{"id":61923,"date":"2017-07-26T09:04:32","date_gmt":"2017-07-26T12:04:32","guid":{"rendered":"http:\/\/blitzconquista.com.br\/?p=61923"},"modified":"2017-07-26T09:04:32","modified_gmt":"2017-07-26T12:04:32","slug":"empresa-do-grupo-da-viacao-vitoria-e-proibida-de-operar-em-americanasp-motivos-sao-os-mesmos-do-que-ocorre-em-conquista","status":"publish","type":"post","link":"https:\/\/blitzconquista.com.br\/?p=61923","title":{"rendered":"Empresa do grupo da Via\u00e7\u00e3o Vit\u00f3ria \u00e9 proibida de operar em Americana\/SP; motivos s\u00e3o os mesmos do que ocorre em Conquista"},"content":{"rendered":"<p><strong><span style=\"color: #ff0000;\">Prefeitura de Americana determinou a interven\u00e7\u00e3o no sistema p\u00fablico de transporte e proibiu a VCA, empresa do mesmo grupo da Vit\u00f3ria, de operar nas 22 linhas de seu contrato de concess\u00e3o.<\/span><\/strong><\/p>\n<p>A Prefeitura de Americana determinou a interven\u00e7\u00e3o no sistema p\u00fablico de transporte e proibiu a VCA (Via\u00e7\u00e3o Cidade de Americana), empresa do mesmo grupo da Via\u00e7\u00e3o Vit\u00f3ria, que opera em Vit\u00f3ria da Conquista, de operar nas 22 linhas de seu contrato de concess\u00e3o, que a partir desta ter\u00e7a-feira ser\u00e3o assumidas pela VPT (Via\u00e7\u00e3o Princesa Tecel\u00e3).<\/p>\n<p>O prefeito de Americada Omar Najar (PMDB) cumpriu o prometido na \u00faltima segunda-feira: ele estava disposto a encerrar as conversa\u00e7\u00f5es com a concession\u00e1ria, que mantinha nas linhas ve\u00edculos prec\u00e1rios. Al\u00e9m disso, a manuten\u00e7\u00e3o do contrato ainda dependia, segundo Omar, do pagamento da d\u00edvida milion\u00e1ria da empresa com o er\u00e1rio referente ao ISSQN (Imposto Sobre Servi\u00e7os de Qualquer Natureza). Em Vit\u00f3ria da Conquista a situa\u00e7\u00e3o da Vit\u00f3ria n\u00e3o \u00e9 diferente.<\/p>\n<p>Na notifica\u00e7\u00e3o assinada pelo prefeito e pelo subsecret\u00e1rio da Unidade de Transportes e Sistema Vi\u00e1rio, Eraldo Camargo, a prefeitura considera que a VCA, respons\u00e1vel pelas linhas constantes do lote 1 do edital de concorr\u00eancia 013\/2006, \u201cn\u00e3o est\u00e1 atendendo \u00e0s determina\u00e7\u00f5es contratuais e legais para a adequada presta\u00e7\u00e3o do servi\u00e7o, colocando em risco a seguran\u00e7a e o bem-estar dos usu\u00e1rios do sistema\u201d.<\/p>\n<figure id=\"attachment_61924\" aria-describedby=\"caption-attachment-61924\" style=\"width: 570px\" class=\"wp-caption aligncenter\"><img decoding=\"async\" loading=\"lazy\" class=\"wp-image-61924 size-full\" src=\"http:\/\/blitzconquista.com.br\/wp-content\/uploads\/2017\/07\/\u00f4nibus-vca-570x380.jpg\" alt=\"\" width=\"570\" height=\"380\" srcset=\"https:\/\/blitzconquista.com.br\/wp-content\/uploads\/2017\/07\/\u00f4nibus-vca-570x380.jpg 570w, https:\/\/blitzconquista.com.br\/wp-content\/uploads\/2017\/07\/\u00f4nibus-vca-570x380-300x200.jpg 300w, https:\/\/blitzconquista.com.br\/wp-content\/uploads\/2017\/07\/\u00f4nibus-vca-570x380-414x276.jpg 414w, https:\/\/blitzconquista.com.br\/wp-content\/uploads\/2017\/07\/\u00f4nibus-vca-570x380-470x313.jpg 470w, https:\/\/blitzconquista.com.br\/wp-content\/uploads\/2017\/07\/\u00f4nibus-vca-570x380-130x86.jpg 130w, https:\/\/blitzconquista.com.br\/wp-content\/uploads\/2017\/07\/\u00f4nibus-vca-570x380-187x124.jpg 187w\" sizes=\"(max-width: 570px) 100vw, 570px\" \/><figcaption id=\"caption-attachment-61924\" class=\"wp-caption-text\">Foto: Arquivo \/ O LiberalVCA foi proibida de operar na cidade e linhas ser\u00e3o assumidas pela VPT<\/figcaption><\/figure>\n<p>Os termos do contrato de concess\u00e3o tamb\u00e9m determinam que a concession\u00e1ria devia manter em circula\u00e7\u00e3o ve\u00edculos \u201cque atendessem \u00e0s caracter\u00edsticas t\u00e9cnicas e idades determinadas pelo poder concedente\u201d.<\/p>\n<p>No final de maio, um relat\u00f3rio da Unidade de Transportes e Sistema Vi\u00e1rio, atendendo a requerimento protocolado na C\u00e2mara de Americana, informou que nada menos que 9 dos 43 ve\u00edculos da VCA estavam prestes a completar 12 anos de fabrica\u00e7\u00e3o e precisavam ser substitu\u00eddos at\u00e9 o final deste ano.<\/p>\n<p>No final de junho, a Secretaria de Fazenda moveu a\u00e7\u00f5es judiciais contra a empresa, cobrando o pagamento de R$ 1,235 milh\u00e3o relativos ao ISSQN n\u00e3o recolhido nos per\u00edodos de agosto a dezembro de 2009. A d\u00edvida corrigida chega a R$ 678,5 mil e de janeiro a junho de 2013 est\u00e1 em R$ 557,3 mil.<\/p>\n<p><strong>Refis<\/strong><\/p>\n<p>A dire\u00e7\u00e3o da VCA assumiu que devia e uma representante da diretoria chegou a se reunir na semana passada com o prefeito. No encontro, ela assumiu a inten\u00e7\u00e3o de quitar o montante em parcelas por meio do Refis, o programa municipal de parcelamento de d\u00e9bitos, a partir de agosto.<\/p>\n<p>Se deixar de cumprir o que determina a notifica\u00e7\u00e3o, a VCA corre o risco de pagar multa e ter seus ve\u00edculos apreendidos. A reportagem do Grupo Liberal tentou contato com a empresa para questionar sobre a interven\u00e7\u00e3o, mas ningu\u00e9m foi encontrado para falar sobre o assunto.<\/p>\n<p>*Com informa\u00e7\u00f5es de O Liberal<\/p>\n","protected":false},"excerpt":{"rendered":"<p>Prefeitura de Americana determinou a interven\u00e7\u00e3o no sistema p\u00fablico de transporte e proibiu a VCA, empresa do mesmo grupo da Vit\u00f3ria, de operar nas 22 linhas de seu contrato de concess\u00e3o. A Prefeitura de Americana determinou a interven\u00e7\u00e3o no sistema p\u00fablico de transporte e proibiu a VCA (Via\u00e7\u00e3o Cidade de Americana), empresa do mesmo grupo [&hellip;]<\/p>\n","protected":false},"author":1,"featured_media":58433,"comment_status":"closed","ping_status":"closed","sticky":false,"template":"","format":"standard","meta":[],"categories":[4],"tags":[],"_links":{"self":[{"href":"https:\/\/blitzconquista.com.br\/index.php?rest_route=\/wp\/v2\/posts\/61923"}],"collection":[{"href":"https:\/\/blitzconquista.com.br\/index.php?rest_route=\/wp\/v2\/posts"}],"about":[{"href":"https:\/\/blitzconquista.com.br\/index.php?rest_route=\/wp\/v2\/types\/post"}],"author":[{"embeddable":true,"href":"https:\/\/blitzconquista.com.br\/index.php?rest_route=\/wp\/v2\/users\/1"}],"replies":[{"embeddable":true,"href":"https:\/\/blitzconquista.com.br\/index.php?rest_route=%2Fwp%2Fv2%2Fcomments&post=61923"}],"version-history":[{"count":1,"href":"https:\/\/blitzconquista.com.br\/index.php?rest_route=\/wp\/v2\/posts\/61923\/revisions"}],"predecessor-version":[{"id":61925,"href":"https:\/\/blitzconquista.com.br\/index.php?rest_route=\/wp\/v2\/posts\/61923\/revisions\/61925"}],"wp:featuredmedia":[{"embeddable":true,"href":"https:\/\/blitzconquista.com.br\/index.php?rest_route=\/wp\/v2\/media\/58433"}],"wp:attachment":[{"href":"https:\/\/blitzconquista.com.br\/index.php?rest_route=%2Fwp%2Fv2%2Fmedia&parent=61923"}],"wp:term":[{"taxonomy":"category","embeddable":true,"href":"https:\/\/blitzconquista.com.br\/index.php?rest_route=%2Fwp%2Fv2%2Fcategories&post=61923"},{"taxonomy":"post_tag","embeddable":true,"href":"https:\/\/blitzconquista.com.br\/index.php?rest_route=%2Fwp%2Fv2%2Ftags&post=61923"}],"curies":[{"name":"wp","href":"https:\/\/api.w.org\/{rel}","templated":true}]}}