{"id":61939,"date":"2017-07-26T11:38:22","date_gmt":"2017-07-26T14:38:22","guid":{"rendered":"http:\/\/blitzconquista.com.br\/?p=61939"},"modified":"2017-07-26T15:12:41","modified_gmt":"2017-07-26T18:12:41","slug":"repercute-em-salvador-pl-do-executivo-conquistense-para-transferir-r-6-milhoes-para-emurc-eu-nunca-vi-isso-diz-varella","status":"publish","type":"post","link":"https:\/\/blitzconquista.com.br\/?p=61939","title":{"rendered":"Repercute em Salvador, PL do executivo conquistense para transferir R$ 6 milh\u00f5es para Emurc. \u201cEu nunca vi isso\u201d, diz Varella"},"content":{"rendered":"<p>O PL enviada pelo prefeito Herzem Gusm\u00e3o Pereira ao Legislativo para ser aprovado <em>a toque de caixa<\/em>, repercutiu na Capital baiana. A R\u00e1dio Sociedade da Bahia abordou o assunto no programa Balan\u00e7o Geral, apresentado por Raimundo Varella.<\/p>\n<blockquote><p><span style=\"color: #ff0000;\"><em><strong>\u201cEu nunca vi isso, n\u00e3o. Outro dia ele desenterrou os enterrados. Rapaz, \u00e9 um neg\u00f3cio de maluco&#8230; Ser\u00e1 que \u00e9 verdade?\u201d.<\/strong><\/em><\/span><\/p><\/blockquote>\n<p><span style=\"color: #ff0000;\"><em>&#8220;Vamos saber de Frarlei, vamos l\u00e1. Frarlei, isso \u00e9 de verdade, \u00e9 coisa de verdade ou \u00e9 de mentira?&#8221;<\/em><\/span> Pergunta Varela ao jornalista conquistense, correspondente da R\u00e1dio Sociedade em Vit\u00f3ria da Conquista.<br \/>\nAp\u00f3s a explica\u00e7\u00e3o do jornalista, o apresentador pergunta: ser\u00e1 se debaixo desse lixo tem caro\u00e7o? A a\u00e7\u00e3o de Pereira teve direito at\u00e9 a m\u00fasica do compositor Ederaldo Gentil.<br \/>\nOu\u00e7a o \u00e1udio completo, no player acima.<\/p>\n<!--[if lt IE 9]><script>document.createElement('audio');<\/script><![endif]-->\n<audio class=\"wp-audio-shortcode\" id=\"audio-61939-1\" preload=\"none\" style=\"width: 100%;\" controls=\"controls\"><source type=\"audio\/mpeg\" src=\"http:\/\/blitzconquista.com.br\/wp-content\/uploads\/2017\/07\/PL-da-Emurc-repercute-em-SSA.mp3?_=1\" \/><a href=\"http:\/\/blitzconquista.com.br\/wp-content\/uploads\/2017\/07\/PL-da-Emurc-repercute-em-SSA.mp3\">http:\/\/blitzconquista.com.br\/wp-content\/uploads\/2017\/07\/PL-da-Emurc-repercute-em-SSA.mp3<\/a><\/audio>\n","protected":false},"excerpt":{"rendered":"<p>O PL enviada pelo prefeito Herzem Gusm\u00e3o Pereira ao Legislativo para ser aprovado a toque de caixa, repercutiu na Capital baiana. A R\u00e1dio Sociedade da Bahia abordou o assunto no programa Balan\u00e7o Geral, apresentado por Raimundo Varella. \u201cEu nunca vi isso, n\u00e3o. Outro dia ele desenterrou os enterrados. Rapaz, \u00e9 um neg\u00f3cio de maluco&#8230; Ser\u00e1 [&hellip;]<\/p>\n","protected":false},"author":1,"featured_media":61941,"comment_status":"closed","ping_status":"closed","sticky":false,"template":"","format":"audio","meta":[],"categories":[212,5,404],"tags":[],"_links":{"self":[{"href":"https:\/\/blitzconquista.com.br\/index.php?rest_route=\/wp\/v2\/posts\/61939"}],"collection":[{"href":"https:\/\/blitzconquista.com.br\/index.php?rest_route=\/wp\/v2\/posts"}],"about":[{"href":"https:\/\/blitzconquista.com.br\/index.php?rest_route=\/wp\/v2\/types\/post"}],"author":[{"embeddable":true,"href":"https:\/\/blitzconquista.com.br\/index.php?rest_route=\/wp\/v2\/users\/1"}],"replies":[{"embeddable":true,"href":"https:\/\/blitzconquista.com.br\/index.php?rest_route=%2Fwp%2Fv2%2Fcomments&post=61939"}],"version-history":[{"count":2,"href":"https:\/\/blitzconquista.com.br\/index.php?rest_route=\/wp\/v2\/posts\/61939\/revisions"}],"predecessor-version":[{"id":61946,"href":"https:\/\/blitzconquista.com.br\/index.php?rest_route=\/wp\/v2\/posts\/61939\/revisions\/61946"}],"wp:featuredmedia":[{"embeddable":true,"href":"https:\/\/blitzconquista.com.br\/index.php?rest_route=\/wp\/v2\/media\/61941"}],"wp:attachment":[{"href":"https:\/\/blitzconquista.com.br\/index.php?rest_route=%2Fwp%2Fv2%2Fmedia&parent=61939"}],"wp:term":[{"taxonomy":"category","embeddable":true,"href":"https:\/\/blitzconquista.com.br\/index.php?rest_route=%2Fwp%2Fv2%2Fcategories&post=61939"},{"taxonomy":"post_tag","embeddable":true,"href":"https:\/\/blitzconquista.com.br\/index.php?rest_route=%2Fwp%2Fv2%2Ftags&post=61939"}],"curies":[{"name":"wp","href":"https:\/\/api.w.org\/{rel}","templated":true}]}}