{"id":61962,"date":"2017-07-26T16:27:34","date_gmt":"2017-07-26T19:27:34","guid":{"rendered":"http:\/\/blitzconquista.com.br\/?p=61962"},"modified":"2017-07-26T16:27:34","modified_gmt":"2017-07-26T19:27:34","slug":"av-marcelino-rosa-e-ubaldino-figueira-passam-ser-mao-unica","status":"publish","type":"post","link":"https:\/\/blitzconquista.com.br\/?p=61962","title":{"rendered":"Av. Marcelino Rosa e Ubaldino Figueira passam a ser m\u00e3o \u00fanica"},"content":{"rendered":"<p>As avenidas Marcelino Rosa e Ubaldino Figueira, no bairro Recreio, ter\u00e3o o seu tr\u00e1fego alterado \u2013 ambas passar\u00e3o a ser m\u00e3o \u00fanica. Na manh\u00e3 desta quarta-feira, 26, a equipe da Coordena\u00e7\u00e3o Municipal de Tr\u00e2nsito esteve na \u00e1rea implantando a sinaliza\u00e7\u00e3o. A mudan\u00e7a, que come\u00e7a a valer a partir da pr\u00f3xima segunda, 31, pretende aumentar a fluidez do tr\u00e2nsito local, dar mais mobilidade e organiza\u00e7\u00e3o aos ve\u00edculos, principalmente nos corredores de \u00f4nibus, primando pela seguran\u00e7a da popula\u00e7\u00e3o.<\/p>\n<p>A Ubaldino Figueira (onde est\u00e1 localizada a FTC) come\u00e7ar\u00e1 a funcionar como m\u00e3o \u00fanica no sentido da avenida Gen\u00e9sio Porto para a Siqueira Campos (Rua da Granja). J\u00e1 o tr\u00e1fego da Avenida Marcelino Rosa passar\u00e1 a ser no sentido Siqueira Campos para Gen\u00e9sio Porto. As duas vias ir\u00e3o contar com faixa ampla de circula\u00e7\u00e3o de ve\u00edculos e vagas de estacionamento dos dois lados.<\/p>\n<p><a href=\"http:\/\/www.pmvc.ba.gov.br\/wp-content\/uploads\/Mapa-Bin%C3%A1rio-Av.-Marcelino-Rosa-x-Ubaldino-Figueira.png\"><img decoding=\"async\" loading=\"lazy\" class=\"aligncenter wp-image-125439\" src=\"http:\/\/www.pmvc.ba.gov.br\/wp-content\/uploads\/Mapa-Bin%C3%A1rio-Av.-Marcelino-Rosa-x-Ubaldino-Figueira-600x344.png\" sizes=\"(max-width: 700px) 100vw, 700px\" srcset=\"http:\/\/www.pmvc.ba.gov.br\/wp-content\/uploads\/Mapa-Bin\u00e1rio-Av.-Marcelino-Rosa-x-Ubaldino-Figueira-600x344.png 600w, http:\/\/www.pmvc.ba.gov.br\/wp-content\/uploads\/Mapa-Bin\u00e1rio-Av.-Marcelino-Rosa-x-Ubaldino-Figueira-768x441.png 768w, http:\/\/www.pmvc.ba.gov.br\/wp-content\/uploads\/Mapa-Bin\u00e1rio-Av.-Marcelino-Rosa-x-Ubaldino-Figueira.png 857w\" width=\"700\" height=\"402\" \/><\/a><\/p>\n","protected":false},"excerpt":{"rendered":"<p>As avenidas Marcelino Rosa e Ubaldino Figueira, no bairro Recreio, ter\u00e3o o seu tr\u00e1fego alterado \u2013 ambas passar\u00e3o a ser m\u00e3o \u00fanica. Na manh\u00e3 desta quarta-feira, 26, a equipe da Coordena\u00e7\u00e3o Municipal de Tr\u00e2nsito esteve na \u00e1rea implantando a sinaliza\u00e7\u00e3o. A mudan\u00e7a, que come\u00e7a a valer a partir da pr\u00f3xima segunda, 31, pretende aumentar a [&hellip;]<\/p>\n","protected":false},"author":1,"featured_media":61964,"comment_status":"closed","ping_status":"closed","sticky":false,"template":"","format":"standard","meta":[],"categories":[7],"tags":[],"_links":{"self":[{"href":"https:\/\/blitzconquista.com.br\/index.php?rest_route=\/wp\/v2\/posts\/61962"}],"collection":[{"href":"https:\/\/blitzconquista.com.br\/index.php?rest_route=\/wp\/v2\/posts"}],"about":[{"href":"https:\/\/blitzconquista.com.br\/index.php?rest_route=\/wp\/v2\/types\/post"}],"author":[{"embeddable":true,"href":"https:\/\/blitzconquista.com.br\/index.php?rest_route=\/wp\/v2\/users\/1"}],"replies":[{"embeddable":true,"href":"https:\/\/blitzconquista.com.br\/index.php?rest_route=%2Fwp%2Fv2%2Fcomments&post=61962"}],"version-history":[{"count":1,"href":"https:\/\/blitzconquista.com.br\/index.php?rest_route=\/wp\/v2\/posts\/61962\/revisions"}],"predecessor-version":[{"id":61965,"href":"https:\/\/blitzconquista.com.br\/index.php?rest_route=\/wp\/v2\/posts\/61962\/revisions\/61965"}],"wp:featuredmedia":[{"embeddable":true,"href":"https:\/\/blitzconquista.com.br\/index.php?rest_route=\/wp\/v2\/media\/61964"}],"wp:attachment":[{"href":"https:\/\/blitzconquista.com.br\/index.php?rest_route=%2Fwp%2Fv2%2Fmedia&parent=61962"}],"wp:term":[{"taxonomy":"category","embeddable":true,"href":"https:\/\/blitzconquista.com.br\/index.php?rest_route=%2Fwp%2Fv2%2Fcategories&post=61962"},{"taxonomy":"post_tag","embeddable":true,"href":"https:\/\/blitzconquista.com.br\/index.php?rest_route=%2Fwp%2Fv2%2Ftags&post=61962"}],"curies":[{"name":"wp","href":"https:\/\/api.w.org\/{rel}","templated":true}]}}