{"id":61978,"date":"2017-07-26T21:45:32","date_gmt":"2017-07-27T00:45:32","guid":{"rendered":"http:\/\/blitzconquista.com.br\/?p=61978"},"modified":"2017-07-26T21:45:32","modified_gmt":"2017-07-27T00:45:32","slug":"cidade-verde-cata-prego-parafuso-e-outros-objetos-nas-ruas-de-vitoria-da-conquista","status":"publish","type":"post","link":"https:\/\/blitzconquista.com.br\/?p=61978","title":{"rendered":"A Cidade Verde cata prego, parafuso e outros objetos nas ruas de Vit\u00f3ria da Conquista"},"content":{"rendered":"<p><strong><a href=\"http:\/\/www.blogdopaulonunes.com\/v4\/?p=23568\">Por Blog do Paulo Nunes<\/a><\/strong> &#8211; A Via\u00e7\u00e3o Cidade Verde al\u00e9m de cumprir rigorosamente todos os itens do contrato celebrado com a \u00a0Prefeitura de Vit\u00f3ria da Conquista, ainda mantem dois funcion\u00e1rios incumbidos \u00a0de percorrerem todas as linhas utilizadas pela empresa no transporte coletivo da cidade, com o objetivo de recolher objetos perfurantes, que possam furar os pneus dos \u00f4nibus e com isso beneficiam a todos os propriet\u00e1rios de carros, eles \u00a0trafegam na cidade com duas motocicletas com um equipamento acoplado que permite o recolhimento desses objetos. Na garagem da empresa \u00e9 poss\u00edvel ver a quantidade desses objetos retirado das ruas. Como \u00e9 uma empresa exemplo de organiza\u00e7\u00e3o e modelo de gest\u00e3o mant\u00e9m v\u00e1rias latas, organizadas por cada m\u00eas, tornando poss\u00edvel se saber estatisticamente, quais os meses que h\u00e1 maior incid\u00eancia do fato na cidade.<\/p>\n<p><center><iframe loading=\"lazy\" src=\"https:\/\/w.soundcloud.com\/player\/?visual=true&amp;url=https%3A%2F%2Fapi.soundcloud.com%2Ftracks%2F334878966&amp;show_artwork=true&amp;maxwidth=1140&amp;maxheight=1000\" width=\"40%\" height=\"400\" frameborder=\"no\" scrolling=\"no\" data-mce-fragment=\"1\"><\/iframe><\/center>Obstante a esse trabalho, entre outros tantos praticados por essa empresa na cidade, tais como: manuten\u00e7\u00e3o da frota de \u00f4nibus em bom estado \u00a0de conserva\u00e7\u00e3o, pagamento rigorosamente no prazo legal de seu pessoal, al\u00e9m dos encargos sociais e trabalhistas, essa informa\u00e7\u00e3o parece simples por se tratar de uma obriga\u00e7\u00e3o empresarial, Todavia deixa de ser ao se constatar que, jamais na hist\u00f3ria de Vit\u00f3ria da Conquista, qualquer outra empresa de transporte coletivo urbano\u00a0procedeu dessa maneira, ao contr\u00e1rio, todas as empresas ao deixarem os servi\u00e7os no munic\u00edpio deixaram d\u00e9bitos trabalhistas, alguns dos quais jamais foram pagos, mesmo assim o prefeito \u00a0(Pereira) acha que tem que colocar \u00a080 (VANS) para concorrer de forma predat\u00f3ria com as empresas de \u00f4nibus, tudo isso porque prometeu aos detentores do transporte clandestino, legaliza\u00e7\u00e3o caso fosse eleito e conseguindo dessa categoria apoio total para sua campanha.<img decoding=\"async\" loading=\"lazy\" class=\"aligncenter size-full wp-image-23573\" src=\"http:\/\/www.blogdopaulonunes.com\/v4\/wp-content\/uploads\/2017\/07\/Welder-Dias.jpg\" alt=\"\" width=\"500\" height=\"322\" \/><\/p>\n<p>Infelizmente o prefeito Pereira n\u00e3o conhece a legisla\u00e7\u00e3o \u00a0que n\u00e3o permite a quebra de contrato do transporte legal, nesse embara\u00e7o, se tornou protagonista do primeiro decreto oral da hist\u00f3ria do Brasil, notificou \u00a0aos seus funcion\u00e1rios que a partir de janeiro de 2017, nenhum transportador clandestino fosse multado no munic\u00edpio, e assim, temos na cidade a concorr\u00eancia desleal praticada todos os dias com a aquiesc\u00eancia do Minist\u00e9rio P\u00fablico, j\u00e1 que nenhuma provid\u00eancia foi tomada.<span id=\"more-23568\"><\/span><\/p>\n<p>A maioria da popula\u00e7\u00e3o n\u00e3o tem \u00a0conhecimento de como se d\u00e1 uma licita\u00e7\u00e3o p\u00fablica e entende apenas que precisa do ve\u00edculo para seu transporte, seja clandestino ou n\u00e3o, ademais, \u00a0o transporte ilegal, cobra por passageiro 20% mais barato, exatamente porque nada contribui em impostos para o munic\u00edpio, ao contr\u00e1rio, d\u00e1 um preju\u00edzo de 600 mil reais por ano \u00e0 Prefeitura, tudo isso para satisfa\u00e7\u00e3o pessoal do prefeito Pereira, que mistura o p\u00fablico com o privado. Devedor moral dos \u00a0(vanzeiros) ele paga \u00a0o d\u00e9bito pessoal seu, \u00e0s custas da popula\u00e7\u00e3o.<\/p>\n","protected":false},"excerpt":{"rendered":"<p>Por Blog do Paulo Nunes &#8211; A Via\u00e7\u00e3o Cidade Verde al\u00e9m de cumprir rigorosamente todos os itens do contrato celebrado com a \u00a0Prefeitura de Vit\u00f3ria da Conquista, ainda mantem dois funcion\u00e1rios incumbidos \u00a0de percorrerem todas as linhas utilizadas pela empresa no transporte coletivo da cidade, com o objetivo de recolher objetos perfurantes, que possam furar [&hellip;]<\/p>\n","protected":false},"author":1,"featured_media":0,"comment_status":"closed","ping_status":"closed","sticky":false,"template":"","format":"standard","meta":[],"categories":[4],"tags":[],"_links":{"self":[{"href":"https:\/\/blitzconquista.com.br\/index.php?rest_route=\/wp\/v2\/posts\/61978"}],"collection":[{"href":"https:\/\/blitzconquista.com.br\/index.php?rest_route=\/wp\/v2\/posts"}],"about":[{"href":"https:\/\/blitzconquista.com.br\/index.php?rest_route=\/wp\/v2\/types\/post"}],"author":[{"embeddable":true,"href":"https:\/\/blitzconquista.com.br\/index.php?rest_route=\/wp\/v2\/users\/1"}],"replies":[{"embeddable":true,"href":"https:\/\/blitzconquista.com.br\/index.php?rest_route=%2Fwp%2Fv2%2Fcomments&post=61978"}],"version-history":[{"count":4,"href":"https:\/\/blitzconquista.com.br\/index.php?rest_route=\/wp\/v2\/posts\/61978\/revisions"}],"predecessor-version":[{"id":61982,"href":"https:\/\/blitzconquista.com.br\/index.php?rest_route=\/wp\/v2\/posts\/61978\/revisions\/61982"}],"wp:attachment":[{"href":"https:\/\/blitzconquista.com.br\/index.php?rest_route=%2Fwp%2Fv2%2Fmedia&parent=61978"}],"wp:term":[{"taxonomy":"category","embeddable":true,"href":"https:\/\/blitzconquista.com.br\/index.php?rest_route=%2Fwp%2Fv2%2Fcategories&post=61978"},{"taxonomy":"post_tag","embeddable":true,"href":"https:\/\/blitzconquista.com.br\/index.php?rest_route=%2Fwp%2Fv2%2Ftags&post=61978"}],"curies":[{"name":"wp","href":"https:\/\/api.w.org\/{rel}","templated":true}]}}