{"id":62028,"date":"2017-07-28T14:54:37","date_gmt":"2017-07-28T17:54:37","guid":{"rendered":"http:\/\/blitzconquista.com.br\/?p=62028"},"modified":"2017-07-29T19:16:16","modified_gmt":"2017-07-29T22:16:16","slug":"vitoria-tem-onibus-lacrados-por-operar-sem-cobrador-e-coletivo-e-flagrado-com-placa-adulterada","status":"publish","type":"post","link":"https:\/\/blitzconquista.com.br\/?p=62028","title":{"rendered":"Vit\u00f3ria tem \u00f4nibus lacrados por operar sem cobrador e coletivo \u00e9 flagrado com placa adulterada"},"content":{"rendered":"<p>Nessa semana, prepostos da Prefeitura Municipal lacraram e autuaram a Via\u00e7\u00e3o Vit\u00f3ria por operar dois \u00f4nibus sem cobrador e agentes de tr\u00e2nsito flagraram um coletivo da empresa com placa adulterada.<\/p>\n<p>A empresa cogitou e chegou a operar com os ve\u00edculos, que faziam itiner\u00e1rio com menor n\u00famero de passageiros, apenas com o motorista, o qual tinha a dupla atribui\u00e7\u00e3o de conduzir e realizar a cobran\u00e7a. Opera\u00e7\u00e3o que \u00e9 impedida at\u00e9 pela lei trabalhista, pois os funcion\u00e1rios n\u00e3o podem exercer dupla fun\u00e7\u00e3o, salvo se aprovado em acordo coletivo.<\/p>\n<figure id=\"attachment_62044\" aria-describedby=\"caption-attachment-62044\" style=\"width: 226px\" class=\"wp-caption alignright\"><img decoding=\"async\" loading=\"lazy\" class=\"wp-image-62044 size-full\" src=\"http:\/\/blitzconquista.com.br\/wp-content\/uploads\/2017\/07\/agae5hgadfga.jpg\" alt=\"\" width=\"226\" height=\"258\" \/><figcaption id=\"caption-attachment-62044\" class=\"wp-caption-text\">Motorista da Vit\u00f3ria trabalha cobrando passagem. registro foi feito na Av. Regis Pacheco.<\/figcaption><\/figure>\n<p>Como no contrato que rege as obriga\u00e7\u00f5es da empresa est\u00e1 claro que n\u00e3o pode ser utilizado micro-\u00f4nibus e, tamb\u00e9m, existe a obrigatoriedade do cobrador, n\u00e3o restava alternativa a prefeitura sen\u00e3o autuar a Via\u00e7\u00e3o Vit\u00f3ria. O valor da multa foi de R$ 500 para cada ve\u00edculo. Os \u00f4nibus chegaram a ser lacrados, por\u00e9m, foram rapidamente readequados, evitando o recolhimento para a garagem.<\/p>\n<p>A notifica\u00e7\u00e3o ocorre na mesma semana que agentes de tr\u00e2nsito, durante um registro de ocorr\u00eancia, constataram a adultera\u00e7\u00e3o da placa de um dos \u00f4nibus da empresa. A placa era antiga e apresentava tarjeta recente (refletiva) e de Vit\u00f3ria da Conquista, mas, com lacre de S\u00e3o Paulo.<\/p>\n<p><img decoding=\"async\" loading=\"lazy\" class=\"size-large wp-image-62030 aligncenter\" src=\"http:\/\/blitzconquista.com.br\/wp-content\/uploads\/2017\/07\/b8425c33-75ee-4287-b622-70b4be2cd1c0-695x276.jpg\" alt=\"\" width=\"695\" height=\"276\" srcset=\"https:\/\/blitzconquista.com.br\/wp-content\/uploads\/2017\/07\/b8425c33-75ee-4287-b622-70b4be2cd1c0-695x276.jpg 695w, https:\/\/blitzconquista.com.br\/wp-content\/uploads\/2017\/07\/b8425c33-75ee-4287-b622-70b4be2cd1c0-300x119.jpg 300w, https:\/\/blitzconquista.com.br\/wp-content\/uploads\/2017\/07\/b8425c33-75ee-4287-b622-70b4be2cd1c0-768x305.jpg 768w, https:\/\/blitzconquista.com.br\/wp-content\/uploads\/2017\/07\/b8425c33-75ee-4287-b622-70b4be2cd1c0.jpg 900w\" sizes=\"(max-width: 695px) 100vw, 695px\" \/><\/p>\n<p>Em simples consulta ao sistema da Sinesp \u2013 Secretaria Nacional de Seguran\u00e7a P\u00fablica, \u00e9 poss\u00edvel perceber que o ve\u00edculo est\u00e1 emplacado na cidade de Americana, n\u00e3o em Conquista. Mesmo que a placa fosse regular, o ve\u00edculo deveria ser emplacado em Conquista.<\/p>\n<p>De acordo com a Prefeitura, hoje, 28, vence o TAC \u2013 Termo de Ajuste de Conduta feito entre a Prefeitura e a Via\u00e7\u00e3o Vit\u00f3ria. Uma das a\u00e7\u00f5es realizadas e argumentadas pela Prefeitura, para que a Empresa atendesse ao Termo, seria o reajuste da tarifa, a alega\u00e7\u00e3o seria a necessidade do equil\u00edbrio financeiro das empresas de transporte.<\/p>\n<p><img decoding=\"async\" loading=\"lazy\" class=\"size-full wp-image-62031 aligncenter\" src=\"http:\/\/blitzconquista.com.br\/wp-content\/uploads\/2017\/07\/sadfasdfasdf.jpg\" alt=\"\" width=\"494\" height=\"206\" srcset=\"https:\/\/blitzconquista.com.br\/wp-content\/uploads\/2017\/07\/sadfasdfasdf.jpg 494w, https:\/\/blitzconquista.com.br\/wp-content\/uploads\/2017\/07\/sadfasdfasdf-300x125.jpg 300w\" sizes=\"(max-width: 494px) 100vw, 494px\" \/><\/p>\n<p>A tarifa foi reajustada no dia 29 de Janeiro, passando de R$2,80 para R$3,30. O \u00f4nus ficou para o usu\u00e1rio do sistema, pois a empresa continua operando com \u00f4nibus sucateados, entre outras irregularidades, diferentemente do que ocorre com a Via\u00e7\u00e3o Cidade Verde, que opera dentro das regras do contrato. Ou seja, dos 100 mil passageiros que fazem uso do sistema diariamente, metade paga mais do que deveria.<\/p>\n<figure id=\"attachment_55107\" aria-describedby=\"caption-attachment-55107\" style=\"width: 497px\" class=\"wp-caption aligncenter\"><img decoding=\"async\" loading=\"lazy\" class=\"wp-image-55107 \" src=\"http:\/\/blitzconquista.com.br\/wp-content\/uploads\/2017\/01\/RAMPA-COLETIVO-QUEBRADA-VIA\u00c7\u00c3O-VIT\u00d3RIA-Copy-695x487.jpg\" alt=\"\" width=\"497\" height=\"348\" srcset=\"https:\/\/blitzconquista.com.br\/wp-content\/uploads\/2017\/01\/RAMPA-COLETIVO-QUEBRADA-VIA\u00c7\u00c3O-VIT\u00d3RIA-Copy-695x487.jpg 695w, https:\/\/blitzconquista.com.br\/wp-content\/uploads\/2017\/01\/RAMPA-COLETIVO-QUEBRADA-VIA\u00c7\u00c3O-VIT\u00d3RIA-Copy-300x210.jpg 300w, https:\/\/blitzconquista.com.br\/wp-content\/uploads\/2017\/01\/RAMPA-COLETIVO-QUEBRADA-VIA\u00c7\u00c3O-VIT\u00d3RIA-Copy-768x538.jpg 768w, https:\/\/blitzconquista.com.br\/wp-content\/uploads\/2017\/01\/RAMPA-COLETIVO-QUEBRADA-VIA\u00c7\u00c3O-VIT\u00d3RIA-Copy.jpg 990w\" sizes=\"(max-width: 497px) 100vw, 497px\" \/><figcaption id=\"caption-attachment-55107\" class=\"wp-caption-text\">Coletivo trafega com porta quebrada e aberta. Imagem enviada por passageiro.<\/figcaption><\/figure>\n<p>Apesar da recente notifica\u00e7\u00e3o, por causa dos ve\u00edculos que operavam sem cobrador, transparece passividade do executivo com a Via\u00e7\u00e3o Vit\u00f3ria. Em nota, a Prefeitura diz \u201c<span lang=\"pt-BR\">Ap\u00f3s o prazo, a equipe do Governo Municipal ir\u00e1 se reunir para definir as medidas cab\u00edveis junto \u00e0 empresa\u201d.<\/span><\/p>\n<p>Especialistas dizem, que ao ser firmado o TAC, a Prefeitura deveria ter nomeado uma comiss\u00e3o para acompanhar as a\u00e7\u00f5es e empenho da empresa em atendar as exig\u00eancias. Inclusive, a comiss\u00e3o seria importante para nortear a empresa e garantir que os usu\u00e1rios tivessem seus direitos de consumidor garantidos.<\/p>\n<p>Em Americana\/SP, o prefeito Omar Najar do PMDB, companheiro de partido do Prefeito Herzem Gusm\u00e3o Pereira, tirou 22 linhas da empresa que pertence ao mesmo grupo da Via\u00e7\u00e3o Vit\u00f3ria. Assim como est\u00e1 ocorrendo em Conquista, em Americana a empresa garantiu que se adequaria aos termos contratuais, o que n\u00e3o ocorreu.<\/p>\n<p>Os usu\u00e1rios do transporte coletivo de Conquista vivem clamando por melhorias, principalmente nos itiner\u00e1rios de responsabilidade da Vit\u00f3ria. Os problemas com a empresa existem h\u00e1 anos, desde a gest\u00e3o anterior, mas, a novela parece que perdurar\u00e1 uma \u201ceternidade\u201d.<\/p>\n","protected":false},"excerpt":{"rendered":"<p>Nessa semana, prepostos da Prefeitura Municipal lacraram e autuaram a Via\u00e7\u00e3o Vit\u00f3ria por operar dois \u00f4nibus sem cobrador e agentes de tr\u00e2nsito flagraram um coletivo da empresa com placa adulterada. A empresa cogitou e chegou a operar com os ve\u00edculos, que faziam itiner\u00e1rio com menor n\u00famero de passageiros, apenas com o motorista, o qual tinha [&hellip;]<\/p>\n","protected":false},"author":1,"featured_media":62029,"comment_status":"closed","ping_status":"closed","sticky":false,"template":"","format":"standard","meta":[],"categories":[4,212],"tags":[],"_links":{"self":[{"href":"https:\/\/blitzconquista.com.br\/index.php?rest_route=\/wp\/v2\/posts\/62028"}],"collection":[{"href":"https:\/\/blitzconquista.com.br\/index.php?rest_route=\/wp\/v2\/posts"}],"about":[{"href":"https:\/\/blitzconquista.com.br\/index.php?rest_route=\/wp\/v2\/types\/post"}],"author":[{"embeddable":true,"href":"https:\/\/blitzconquista.com.br\/index.php?rest_route=\/wp\/v2\/users\/1"}],"replies":[{"embeddable":true,"href":"https:\/\/blitzconquista.com.br\/index.php?rest_route=%2Fwp%2Fv2%2Fcomments&post=62028"}],"version-history":[{"count":4,"href":"https:\/\/blitzconquista.com.br\/index.php?rest_route=\/wp\/v2\/posts\/62028\/revisions"}],"predecessor-version":[{"id":62068,"href":"https:\/\/blitzconquista.com.br\/index.php?rest_route=\/wp\/v2\/posts\/62028\/revisions\/62068"}],"wp:featuredmedia":[{"embeddable":true,"href":"https:\/\/blitzconquista.com.br\/index.php?rest_route=\/wp\/v2\/media\/62029"}],"wp:attachment":[{"href":"https:\/\/blitzconquista.com.br\/index.php?rest_route=%2Fwp%2Fv2%2Fmedia&parent=62028"}],"wp:term":[{"taxonomy":"category","embeddable":true,"href":"https:\/\/blitzconquista.com.br\/index.php?rest_route=%2Fwp%2Fv2%2Fcategories&post=62028"},{"taxonomy":"post_tag","embeddable":true,"href":"https:\/\/blitzconquista.com.br\/index.php?rest_route=%2Fwp%2Fv2%2Ftags&post=62028"}],"curies":[{"name":"wp","href":"https:\/\/api.w.org\/{rel}","templated":true}]}}