{"id":62033,"date":"2017-07-28T16:32:07","date_gmt":"2017-07-28T19:32:07","guid":{"rendered":"http:\/\/blitzconquista.com.br\/?p=62033"},"modified":"2017-07-28T16:32:07","modified_gmt":"2017-07-28T19:32:07","slug":"deputado-marcell-moraes-salienta-sobre-os-cuidados-com-os-animais-no-periodo-do-inverno","status":"publish","type":"post","link":"https:\/\/blitzconquista.com.br\/?p=62033","title":{"rendered":"Deputado Marcell Moraes salienta sobre os cuidados com os animais no per\u00edodo do inverno"},"content":{"rendered":"<p>Gripes e resfriados s\u00e3o comuns com a chegada do inverno, com isso, preocupado com a sa\u00fade dos animais, o deputado estadual Marcell Moraes (PV) pede para que os tutores tenham cuidados redobrados com seu animal<br \/>\nde estima\u00e7\u00e3o nesse per\u00edodo, porque eles tamb\u00e9m ficam vulner\u00e1veis a doen\u00e7as nessa esta\u00e7\u00e3o, sendo os mais afetados os de pelos curtos, que s\u00e3o menos resistentes e adeptos ao clima, por este motivo \u00e9 preciso que as pessoas se atentem em proteg\u00ea-los e prepar\u00e1-los. \u201cA primeira coisa \u00e9 mant\u00ea-los sempre no interior do seu lar, os animais tamb\u00e9m sentem o impacto da queda de temperatura, em raz\u00e3o disso \u00e9<br \/>\nimportante diminuir a quantidade de banhos, e quando realizados que sejam em hor\u00e1rios mais quentes do dia mantendo sempre a pelagem completamente seca, porque a exposi\u00e7\u00e3o ao frio \u00e9 bastante prejudicial a eles.<br \/>\nOutro fator \u00e9 que independente da \u00e9poca do ano eles precisam estar com a alimenta\u00e7\u00e3o balanceada e completa,<br \/>\ncom todos os nutrientes necess\u00e1rios para deix\u00e1-los saud\u00e1veis\u201d, explica Marcell.<\/p>\n<p>Os animais tamb\u00e9m ficam sujeitos a doen\u00e7as respirat\u00f3rias devido \u00e0 baixa umidade, nos c\u00e3es a mais comum \u00e9 a traqueobronquite infecciosa conhecida como Gripe Canina ou Tosse dos Canis, que s\u00e3o transmitidas por um v\u00edrus ou uma bact\u00e9ria, os sintomas s\u00e3o tosse alta e seca, apatia e falta de apetite, febre. J\u00e1 os gatos podem chegar a desenvolver rinotraqueite, apresentando secre\u00e7\u00e3o nasal e ocular, espirros, febre, desidrata\u00e7\u00e3o e dificuldades ao respirar.<br \/>\n\u201cOs c\u00e3es e gatos ainda podem ter problemas ortop\u00e9dicos, onde a dor \u00e9 intensa com a temperatura baixa, por isso, para garantir e manter a sa\u00fade dos nossos amigos \u00e9 preciso que eles estejam longe dos ventos, dos locais frios, e principalmente longe da chuva, dentro de um ambiente confort\u00e1vel com roupinhas que os deixem aquecidos distante dessas influ\u00eancias clim\u00e1ticas<br \/>\nevitando tamb\u00e9m o contato direto com o ch\u00e3o, o pote de \u00e1gua \u00e9 bom ser dobrado para evitar a desidrata\u00e7\u00e3o e o fundamental \u00e9 que estejam com a vacina\u00e7\u00e3o sempre em dia\u201d, explica o parlamentar.<\/p>\n","protected":false},"excerpt":{"rendered":"<p>Gripes e resfriados s\u00e3o comuns com a chegada do inverno, com isso, preocupado com a sa\u00fade dos animais, o deputado estadual Marcell Moraes (PV) pede para que os tutores tenham cuidados redobrados com seu animal de estima\u00e7\u00e3o nesse per\u00edodo, porque eles tamb\u00e9m ficam vulner\u00e1veis a doen\u00e7as nessa esta\u00e7\u00e3o, sendo os mais afetados os de pelos [&hellip;]<\/p>\n","protected":false},"author":1,"featured_media":62034,"comment_status":"closed","ping_status":"closed","sticky":false,"template":"","format":"standard","meta":[],"categories":[5],"tags":[],"_links":{"self":[{"href":"https:\/\/blitzconquista.com.br\/index.php?rest_route=\/wp\/v2\/posts\/62033"}],"collection":[{"href":"https:\/\/blitzconquista.com.br\/index.php?rest_route=\/wp\/v2\/posts"}],"about":[{"href":"https:\/\/blitzconquista.com.br\/index.php?rest_route=\/wp\/v2\/types\/post"}],"author":[{"embeddable":true,"href":"https:\/\/blitzconquista.com.br\/index.php?rest_route=\/wp\/v2\/users\/1"}],"replies":[{"embeddable":true,"href":"https:\/\/blitzconquista.com.br\/index.php?rest_route=%2Fwp%2Fv2%2Fcomments&post=62033"}],"version-history":[{"count":1,"href":"https:\/\/blitzconquista.com.br\/index.php?rest_route=\/wp\/v2\/posts\/62033\/revisions"}],"predecessor-version":[{"id":62035,"href":"https:\/\/blitzconquista.com.br\/index.php?rest_route=\/wp\/v2\/posts\/62033\/revisions\/62035"}],"wp:featuredmedia":[{"embeddable":true,"href":"https:\/\/blitzconquista.com.br\/index.php?rest_route=\/wp\/v2\/media\/62034"}],"wp:attachment":[{"href":"https:\/\/blitzconquista.com.br\/index.php?rest_route=%2Fwp%2Fv2%2Fmedia&parent=62033"}],"wp:term":[{"taxonomy":"category","embeddable":true,"href":"https:\/\/blitzconquista.com.br\/index.php?rest_route=%2Fwp%2Fv2%2Fcategories&post=62033"},{"taxonomy":"post_tag","embeddable":true,"href":"https:\/\/blitzconquista.com.br\/index.php?rest_route=%2Fwp%2Fv2%2Ftags&post=62033"}],"curies":[{"name":"wp","href":"https:\/\/api.w.org\/{rel}","templated":true}]}}