{"id":62036,"date":"2017-07-28T16:45:15","date_gmt":"2017-07-28T19:45:15","guid":{"rendered":"http:\/\/blitzconquista.com.br\/?p=62036"},"modified":"2017-07-28T16:45:15","modified_gmt":"2017-07-28T19:45:15","slug":"finalmente-reforma-do-centro-de-cultura-camillo-de-jesus-lima-tem-aviso-de-licitacao-publicado","status":"publish","type":"post","link":"https:\/\/blitzconquista.com.br\/?p=62036","title":{"rendered":"Finalmente: Reforma do Centro de Cultura Camillo de Jesus Lima tem aviso de licita\u00e7\u00e3o publicado"},"content":{"rendered":"<p>Na \u00faltima sexta-feira (21), foi publicado aviso de licita\u00e7\u00e3o no Di\u00e1rio Oficial do Estado (DOE) que tem como objetivo executar os servi\u00e7os de reforma do Centro de Cultura Camillo de Jesus Lima &#8211; espa\u00e7o cultural administrado pela Secretaria de Cultura do Estado da Bahia (SecultBA) na cidade de Vit\u00f3ria da Conquista.<\/p>\n<p>A reforma segue o Projeto de Seguran\u00e7a, Combate a Inc\u00eandio, P\u00e2nico e Acessibilidade, cuja import\u00e2ncia e pioneirismo na Bahia far\u00e1 do espa\u00e7o cultural uma refer\u00eancia para outros equipamentos p\u00fablicos estaduais e municipais. Isso significa que o Centro de Cultura poder\u00e1 receber artistas, parceiros e p\u00fablico com maior seguran\u00e7a e conforto, al\u00e9m de possibilitar arquitetonicamente o acesso aut\u00f4nomo de pessoas com defici\u00eancia em suas depend\u00eancias.<\/p>\n<p>Est\u00e3o previstas a revis\u00e3o el\u00e9trica de toda a estrutura, pintura, recupera\u00e7\u00e3o do piso, reforma da cobertura e do forro, como tamb\u00e9m melhorias na caixa c\u00eanica e a implanta\u00e7\u00e3o de paisagismo, o que permitir\u00e1 uma melhor integra\u00e7\u00e3o entre o espa\u00e7o cultural e a paisagem local. Novos equipamentos j\u00e1 foram ou ser\u00e3o adquiridos, como: novas poltronas para a sala principal, novo mobili\u00e1rio para o foyer, equipamentos de ilumina\u00e7\u00e3o e vestimentas c\u00eanicas.<\/p>\n<p>Desde 2014, o Centro de Cultura Camillo de Jesus Lima recebeu a primeira etapa de servi\u00e7os de requalifica\u00e7\u00e3o, que consistiu na adequa\u00e7\u00e3o do pr\u00e9dio \u00e0s normas de acessibilidade e melhorias no anfiteatro e em duas salas de ensaio, interven\u00e7\u00f5es que possibilitaram a realiza\u00e7\u00e3o de atra\u00e7\u00f5es na sua \u00e1rea externa.<\/p>\n<p>Na modalidade de tomada de pre\u00e7o, a licita\u00e7\u00e3o ter\u00e1 preg\u00e3o presencial na quinta-feira (10\/08), \u00e0s 9h, no audit\u00f3rio da Superintend\u00eancia de Patrim\u00f4nio (SUPAT), localizado na 3\u00aa Avenida, n\u00ba 390, Ala Norte, Subsolo da Plataforma IV, no Centro Administrativo da Bahia, em Salvador. Ap\u00f3s a declara\u00e7\u00e3o final da empresa vencedora, s\u00e3o contados 45 dias para in\u00edcio da execu\u00e7\u00e3o da obra.<\/p>\n<p>A concretiza\u00e7\u00e3o desse projeto refor\u00e7a o compromisso do Governo do Estado da Bahia com toda a popula\u00e7\u00e3o de Vit\u00f3ria da Conquista e do territ\u00f3rio de identidade do Sudoeste Baiano. Requalificar o Centro de Cultura Camillo de Jesus Lima \u00e9 garantia de um espa\u00e7o cultural com todo conforto e seguran\u00e7a previstos em nossa legisla\u00e7\u00e3o, como tamb\u00e9m propiciar um ambiente potencializador de toda a diversidade das culturas locais e globais que atuam em toda a regi\u00e3o.<\/p>\n<p><strong>Espa\u00e7os Culturais da SecultBA &#8211;<\/strong>\u00a0A Secretaria de Cultura do Estado da Bahia mant\u00e9m 17 espa\u00e7os culturais geridos pela Diretoria de Espa\u00e7os Culturais (DEC), e localizados em diversos Territ\u00f3rios de Identidade. Destes, cinco encontram-se em Salvador &#8211; Cine Teatro Solar Boa Vista, Espa\u00e7o Xisto Bahia, Casa da M\u00fasica de Itapu\u00e3, Centro de Cultura de Plataforma e Espa\u00e7o Cultural Alagados &#8211; e 12 nos munic\u00edpios de Alagoinhas, Feira de Santana, Guanambi, Itabuna, Jequi\u00e9, Juazeiro, Lauro de Freitas, Mutu\u00edpe, Porto Seguro, Santo Amaro, Valen\u00e7a e Vit\u00f3ria da Conquista. Para mais informa\u00e7\u00f5es, acesse:\u00a0<a href=\"http:\/\/www.espacosculturais.wordpress.com\/\">www.espacosculturais.wordpress.com<\/a>.<\/p>\n","protected":false},"excerpt":{"rendered":"<p>Na \u00faltima sexta-feira (21), foi publicado aviso de licita\u00e7\u00e3o no Di\u00e1rio Oficial do Estado (DOE) que tem como objetivo executar os servi\u00e7os de reforma do Centro de Cultura Camillo de Jesus Lima &#8211; espa\u00e7o cultural administrado pela Secretaria de Cultura do Estado da Bahia (SecultBA) na cidade de Vit\u00f3ria da Conquista. A reforma segue o [&hellip;]<\/p>\n","protected":false},"author":1,"featured_media":62037,"comment_status":"closed","ping_status":"closed","sticky":false,"template":"","format":"standard","meta":[],"categories":[5],"tags":[],"_links":{"self":[{"href":"https:\/\/blitzconquista.com.br\/index.php?rest_route=\/wp\/v2\/posts\/62036"}],"collection":[{"href":"https:\/\/blitzconquista.com.br\/index.php?rest_route=\/wp\/v2\/posts"}],"about":[{"href":"https:\/\/blitzconquista.com.br\/index.php?rest_route=\/wp\/v2\/types\/post"}],"author":[{"embeddable":true,"href":"https:\/\/blitzconquista.com.br\/index.php?rest_route=\/wp\/v2\/users\/1"}],"replies":[{"embeddable":true,"href":"https:\/\/blitzconquista.com.br\/index.php?rest_route=%2Fwp%2Fv2%2Fcomments&post=62036"}],"version-history":[{"count":1,"href":"https:\/\/blitzconquista.com.br\/index.php?rest_route=\/wp\/v2\/posts\/62036\/revisions"}],"predecessor-version":[{"id":62038,"href":"https:\/\/blitzconquista.com.br\/index.php?rest_route=\/wp\/v2\/posts\/62036\/revisions\/62038"}],"wp:featuredmedia":[{"embeddable":true,"href":"https:\/\/blitzconquista.com.br\/index.php?rest_route=\/wp\/v2\/media\/62037"}],"wp:attachment":[{"href":"https:\/\/blitzconquista.com.br\/index.php?rest_route=%2Fwp%2Fv2%2Fmedia&parent=62036"}],"wp:term":[{"taxonomy":"category","embeddable":true,"href":"https:\/\/blitzconquista.com.br\/index.php?rest_route=%2Fwp%2Fv2%2Fcategories&post=62036"},{"taxonomy":"post_tag","embeddable":true,"href":"https:\/\/blitzconquista.com.br\/index.php?rest_route=%2Fwp%2Fv2%2Ftags&post=62036"}],"curies":[{"name":"wp","href":"https:\/\/api.w.org\/{rel}","templated":true}]}}