{"id":62092,"date":"2017-07-31T07:27:14","date_gmt":"2017-07-31T10:27:14","guid":{"rendered":"http:\/\/blitzconquista.com.br\/?p=62092"},"modified":"2017-07-31T07:27:14","modified_gmt":"2017-07-31T10:27:14","slug":"motorista-fica-ferido-em-acidente-na-av-presidente-vargas","status":"publish","type":"post","link":"https:\/\/blitzconquista.com.br\/?p=62092","title":{"rendered":"Motorista fica ferido em acidente na Av. Presidente Vargas"},"content":{"rendered":"<p>O condutor de um carro de passeio ficou ferido ao se envolver em um acidente, na noite desse domingo, 30, na Av. Presidente Vargas, em frente ao Mirante do Candeias.<\/p>\n<p><img decoding=\"async\" loading=\"lazy\" class=\"size-large wp-image-62094 aligncenter\" src=\"http:\/\/blitzconquista.com.br\/wp-content\/uploads\/2017\/07\/DSC_0584_31-07-2017-695x461.jpg\" alt=\"\" width=\"695\" height=\"461\" srcset=\"https:\/\/blitzconquista.com.br\/wp-content\/uploads\/2017\/07\/DSC_0584_31-07-2017-695x461.jpg 695w, https:\/\/blitzconquista.com.br\/wp-content\/uploads\/2017\/07\/DSC_0584_31-07-2017-300x200.jpg 300w, https:\/\/blitzconquista.com.br\/wp-content\/uploads\/2017\/07\/DSC_0584_31-07-2017-768x509.jpg 768w, https:\/\/blitzconquista.com.br\/wp-content\/uploads\/2017\/07\/DSC_0584_31-07-2017-414x276.jpg 414w, https:\/\/blitzconquista.com.br\/wp-content\/uploads\/2017\/07\/DSC_0584_31-07-2017-470x313.jpg 470w, https:\/\/blitzconquista.com.br\/wp-content\/uploads\/2017\/07\/DSC_0584_31-07-2017-640x426.jpg 640w, https:\/\/blitzconquista.com.br\/wp-content\/uploads\/2017\/07\/DSC_0584_31-07-2017-130x86.jpg 130w, https:\/\/blitzconquista.com.br\/wp-content\/uploads\/2017\/07\/DSC_0584_31-07-2017-187x124.jpg 187w, https:\/\/blitzconquista.com.br\/wp-content\/uploads\/2017\/07\/DSC_0584_31-07-2017.jpg 990w\" sizes=\"(max-width: 695px) 100vw, 695px\" \/><\/p>\n<p>O ve\u00edculo seguia sentido Centro, quando o condutor perdeu o controle da dire\u00e7\u00e3o, entrou e saiu de um buraco as margens da via. O ve\u00edculo parou do outro lado da pista em sentido oposto.<\/p>\n<p>A v\u00edtima foi atendida pelo Samu 192 e encaminhada ao hospital.<\/p>\n<p><img decoding=\"async\" loading=\"lazy\" class=\"size-large wp-image-62095 aligncenter\" src=\"http:\/\/blitzconquista.com.br\/wp-content\/uploads\/2017\/07\/DSC_0580_31-07-2017-695x461.jpg\" alt=\"\" width=\"695\" height=\"461\" srcset=\"https:\/\/blitzconquista.com.br\/wp-content\/uploads\/2017\/07\/DSC_0580_31-07-2017-695x461.jpg 695w, https:\/\/blitzconquista.com.br\/wp-content\/uploads\/2017\/07\/DSC_0580_31-07-2017-300x200.jpg 300w, https:\/\/blitzconquista.com.br\/wp-content\/uploads\/2017\/07\/DSC_0580_31-07-2017-768x509.jpg 768w, https:\/\/blitzconquista.com.br\/wp-content\/uploads\/2017\/07\/DSC_0580_31-07-2017-414x276.jpg 414w, https:\/\/blitzconquista.com.br\/wp-content\/uploads\/2017\/07\/DSC_0580_31-07-2017-470x313.jpg 470w, https:\/\/blitzconquista.com.br\/wp-content\/uploads\/2017\/07\/DSC_0580_31-07-2017-640x426.jpg 640w, https:\/\/blitzconquista.com.br\/wp-content\/uploads\/2017\/07\/DSC_0580_31-07-2017-130x86.jpg 130w, https:\/\/blitzconquista.com.br\/wp-content\/uploads\/2017\/07\/DSC_0580_31-07-2017-187x124.jpg 187w, https:\/\/blitzconquista.com.br\/wp-content\/uploads\/2017\/07\/DSC_0580_31-07-2017.jpg 990w\" sizes=\"(max-width: 695px) 100vw, 695px\" \/><\/p>\n<p>Com o acidente, o combust\u00edvel do carro ficou espalhado pela pista. Os bombeiros estiveram no local e realizaram a lavagem da via.<\/p>\n","protected":false},"excerpt":{"rendered":"<p>O condutor de um carro de passeio ficou ferido ao se envolver em um acidente, na noite desse domingo, 30, na Av. Presidente Vargas, em frente ao Mirante do Candeias. O ve\u00edculo seguia sentido Centro, quando o condutor perdeu o controle da dire\u00e7\u00e3o, entrou e saiu de um buraco as margens da via. O ve\u00edculo [&hellip;]<\/p>\n","protected":false},"author":1,"featured_media":62093,"comment_status":"closed","ping_status":"closed","sticky":false,"template":"","format":"standard","meta":[],"categories":[7],"tags":[],"_links":{"self":[{"href":"https:\/\/blitzconquista.com.br\/index.php?rest_route=\/wp\/v2\/posts\/62092"}],"collection":[{"href":"https:\/\/blitzconquista.com.br\/index.php?rest_route=\/wp\/v2\/posts"}],"about":[{"href":"https:\/\/blitzconquista.com.br\/index.php?rest_route=\/wp\/v2\/types\/post"}],"author":[{"embeddable":true,"href":"https:\/\/blitzconquista.com.br\/index.php?rest_route=\/wp\/v2\/users\/1"}],"replies":[{"embeddable":true,"href":"https:\/\/blitzconquista.com.br\/index.php?rest_route=%2Fwp%2Fv2%2Fcomments&post=62092"}],"version-history":[{"count":1,"href":"https:\/\/blitzconquista.com.br\/index.php?rest_route=\/wp\/v2\/posts\/62092\/revisions"}],"predecessor-version":[{"id":62096,"href":"https:\/\/blitzconquista.com.br\/index.php?rest_route=\/wp\/v2\/posts\/62092\/revisions\/62096"}],"wp:featuredmedia":[{"embeddable":true,"href":"https:\/\/blitzconquista.com.br\/index.php?rest_route=\/wp\/v2\/media\/62093"}],"wp:attachment":[{"href":"https:\/\/blitzconquista.com.br\/index.php?rest_route=%2Fwp%2Fv2%2Fmedia&parent=62092"}],"wp:term":[{"taxonomy":"category","embeddable":true,"href":"https:\/\/blitzconquista.com.br\/index.php?rest_route=%2Fwp%2Fv2%2Fcategories&post=62092"},{"taxonomy":"post_tag","embeddable":true,"href":"https:\/\/blitzconquista.com.br\/index.php?rest_route=%2Fwp%2Fv2%2Ftags&post=62092"}],"curies":[{"name":"wp","href":"https:\/\/api.w.org\/{rel}","templated":true}]}}