{"id":62097,"date":"2017-07-31T07:56:55","date_gmt":"2017-07-31T10:56:55","guid":{"rendered":"http:\/\/blitzconquista.com.br\/?p=62097"},"modified":"2017-07-31T07:57:26","modified_gmt":"2017-07-31T10:57:26","slug":"moradores-do-povoado-de-cabeceira-se-desesperam-com-acao-de-bandidos","status":"publish","type":"post","link":"https:\/\/blitzconquista.com.br\/?p=62097","title":{"rendered":"Moradores do povoado de Cabeceira se desesperam com a\u00e7\u00e3o de bandidos"},"content":{"rendered":"<p>A a\u00e7\u00e3o de bandidos nesse domingo, 30, no Povoado de Cabeceira, munic\u00edpio de Vit\u00f3ria da Conquista, deixou a popula\u00e7\u00e3o em desespero.<\/p>\n<p>Os criminosos realizaram um verdadeiro arrast\u00e3o e de armas em punho amea\u00e7aram e agrediram as v\u00edtimas.<\/p>\n<!--[if lt IE 9]><script>document.createElement('audio');<\/script><![endif]-->\n<audio class=\"wp-audio-shortcode\" id=\"audio-62097-1\" preload=\"none\" style=\"width: 100%;\" controls=\"controls\"><source type=\"audio\/mpeg\" src=\"http:\/\/blitzconquista.com.br\/wp-content\/uploads\/2017\/07\/Moradora-da-Cabeceira-pede-socorro.mp3?_=1\" \/><a href=\"http:\/\/blitzconquista.com.br\/wp-content\/uploads\/2017\/07\/Moradora-da-Cabeceira-pede-socorro.mp3\">http:\/\/blitzconquista.com.br\/wp-content\/uploads\/2017\/07\/Moradora-da-Cabeceira-pede-socorro.mp3<\/a><\/audio>\n<p>Em \u00e1udio divulgado nas redes sociais, uma moradora clama por socorro:<\/p>\n<blockquote><p><span style=\"color: #ff0000;\"><strong><em>Tornamo sofrer de novo com bandido, aqui agora, na Cabeceira.<\/em><\/strong><\/span><\/p>\n<p><span style=\"color: #ff0000;\"><strong><em>Tamo aqui no desespero, mo\u00e7o. A gente, eu mesmo, trabalha aqui. Fa\u00e7o umas coisas pra vender. A gente n\u00e3o pode fazer mais nada. T\u00e1 todo mundo desesperado. Chegaram aqui botando terror. E pensa no desespero que a gente t\u00e1 aqui&#8230;\u201d<\/em><\/strong><\/span><\/p><\/blockquote>\n","protected":false},"excerpt":{"rendered":"<p>A a\u00e7\u00e3o de bandidos nesse domingo, 30, no Povoado de Cabeceira, munic\u00edpio de Vit\u00f3ria da Conquista, deixou a popula\u00e7\u00e3o em desespero. Os criminosos realizaram um verdadeiro arrast\u00e3o e de armas em punho amea\u00e7aram e agrediram as v\u00edtimas. Em \u00e1udio divulgado nas redes sociais, uma moradora clama por socorro: Tornamo sofrer de novo com bandido, aqui [&hellip;]<\/p>\n","protected":false},"author":1,"featured_media":61245,"comment_status":"closed","ping_status":"closed","sticky":false,"template":"","format":"standard","meta":[],"categories":[3],"tags":[],"_links":{"self":[{"href":"https:\/\/blitzconquista.com.br\/index.php?rest_route=\/wp\/v2\/posts\/62097"}],"collection":[{"href":"https:\/\/blitzconquista.com.br\/index.php?rest_route=\/wp\/v2\/posts"}],"about":[{"href":"https:\/\/blitzconquista.com.br\/index.php?rest_route=\/wp\/v2\/types\/post"}],"author":[{"embeddable":true,"href":"https:\/\/blitzconquista.com.br\/index.php?rest_route=\/wp\/v2\/users\/1"}],"replies":[{"embeddable":true,"href":"https:\/\/blitzconquista.com.br\/index.php?rest_route=%2Fwp%2Fv2%2Fcomments&post=62097"}],"version-history":[{"count":2,"href":"https:\/\/blitzconquista.com.br\/index.php?rest_route=\/wp\/v2\/posts\/62097\/revisions"}],"predecessor-version":[{"id":62100,"href":"https:\/\/blitzconquista.com.br\/index.php?rest_route=\/wp\/v2\/posts\/62097\/revisions\/62100"}],"wp:featuredmedia":[{"embeddable":true,"href":"https:\/\/blitzconquista.com.br\/index.php?rest_route=\/wp\/v2\/media\/61245"}],"wp:attachment":[{"href":"https:\/\/blitzconquista.com.br\/index.php?rest_route=%2Fwp%2Fv2%2Fmedia&parent=62097"}],"wp:term":[{"taxonomy":"category","embeddable":true,"href":"https:\/\/blitzconquista.com.br\/index.php?rest_route=%2Fwp%2Fv2%2Fcategories&post=62097"},{"taxonomy":"post_tag","embeddable":true,"href":"https:\/\/blitzconquista.com.br\/index.php?rest_route=%2Fwp%2Fv2%2Ftags&post=62097"}],"curies":[{"name":"wp","href":"https:\/\/api.w.org\/{rel}","templated":true}]}}