{"id":62104,"date":"2017-07-31T08:38:21","date_gmt":"2017-07-31T11:38:21","guid":{"rendered":"http:\/\/blitzconquista.com.br\/?p=62104"},"modified":"2017-07-31T08:38:21","modified_gmt":"2017-07-31T11:38:21","slug":"populacao-reclama-do-samu-192-prefeitura-culpa-gestao-anterior-e-diz-que-encontrou-ambulancias-sucateadas","status":"publish","type":"post","link":"https:\/\/blitzconquista.com.br\/?p=62104","title":{"rendered":"Popula\u00e7\u00e3o reclama do Samu 192; Prefeitura culpa gest\u00e3o anterior e diz que encontrou ambul\u00e2ncias sucateadas"},"content":{"rendered":"<p>Atendendo a reclama\u00e7\u00f5es de leitores do Blitz, o site entrou em contato com a Secretaria de Comunica\u00e7\u00e3o para obter resposta sobre problemas de falta de ambul\u00e2ncias do Samu e aus\u00eancia de m\u00e9dicos em alguns postos de sa\u00fade. Conquistenses tem reclamado constantemente da negativa ao acionarem o Servi\u00e7o M\u00e9dico de Urg\u00eancia.<\/p>\n<p>Em nota, a Prefeitura diz que o servi\u00e7o funciona normalmente.<\/p>\n<blockquote><p><em><span style=\"color: #ff0000;\"><strong> \u201cA<span lang=\"pt-BR\">pesar de a nova gest\u00e3o ter encontrado as ambul\u00e2ncias sucateadas, j\u00e1 conseguiu recuperar v\u00e1rias delas e, atualmente, trabalha com 4 unidades b\u00e1sicas e 1 unidade avan\u00e7ada\u201d.<\/span><\/strong><\/span><\/em><\/p><\/blockquote>\n<p>Sobre a resposta dada pela Prefeitura, a vereadora Viviane e ex secret\u00e1ria de sa\u00fade rebate:<\/p>\n<blockquote><p><strong><span style=\"color: #ff0000;\"><em> \u201csempre tenho dito; \u00e9 que, mesmo usando o termo sucateada, as unidades funcionavam e a gest\u00e3o passada tamb\u00e9m fazia manuten\u00e7\u00f5es constantes das ambul\u00e2ncias\u201d<\/em>, diz Viviane.<\/span><\/strong><\/p><\/blockquote>\n<p>Sobre a falta de m\u00e9dicos, a Prefeitura alega que <em>\u201c<span lang=\"pt-BR\">As \u00fanicas unidades que est\u00e3o aguardando os profissionais do Programa Mais M\u00e9dicos s\u00e3o as de Capinal e Nossa Senhora Aparecida\u2026 por se tratar de um Programa do Governo Federal, n\u00e3o tem autonomia sobre o mesmo no que diz respeito \u00e0 contrata\u00e7\u00e3o desses m\u00e9dicos e precisa aguardar que o Minist\u00e9rio da Sa\u00fade encaminhe os profissionais.&#8221;<\/span><\/em><\/p>\n","protected":false},"excerpt":{"rendered":"<p>Atendendo a reclama\u00e7\u00f5es de leitores do Blitz, o site entrou em contato com a Secretaria de Comunica\u00e7\u00e3o para obter resposta sobre problemas de falta de ambul\u00e2ncias do Samu e aus\u00eancia de m\u00e9dicos em alguns postos de sa\u00fade. Conquistenses tem reclamado constantemente da negativa ao acionarem o Servi\u00e7o M\u00e9dico de Urg\u00eancia. Em nota, a Prefeitura diz [&hellip;]<\/p>\n","protected":false},"author":1,"featured_media":60195,"comment_status":"closed","ping_status":"closed","sticky":false,"template":"","format":"standard","meta":[],"categories":[212,5],"tags":[],"_links":{"self":[{"href":"https:\/\/blitzconquista.com.br\/index.php?rest_route=\/wp\/v2\/posts\/62104"}],"collection":[{"href":"https:\/\/blitzconquista.com.br\/index.php?rest_route=\/wp\/v2\/posts"}],"about":[{"href":"https:\/\/blitzconquista.com.br\/index.php?rest_route=\/wp\/v2\/types\/post"}],"author":[{"embeddable":true,"href":"https:\/\/blitzconquista.com.br\/index.php?rest_route=\/wp\/v2\/users\/1"}],"replies":[{"embeddable":true,"href":"https:\/\/blitzconquista.com.br\/index.php?rest_route=%2Fwp%2Fv2%2Fcomments&post=62104"}],"version-history":[{"count":1,"href":"https:\/\/blitzconquista.com.br\/index.php?rest_route=\/wp\/v2\/posts\/62104\/revisions"}],"predecessor-version":[{"id":62105,"href":"https:\/\/blitzconquista.com.br\/index.php?rest_route=\/wp\/v2\/posts\/62104\/revisions\/62105"}],"wp:featuredmedia":[{"embeddable":true,"href":"https:\/\/blitzconquista.com.br\/index.php?rest_route=\/wp\/v2\/media\/60195"}],"wp:attachment":[{"href":"https:\/\/blitzconquista.com.br\/index.php?rest_route=%2Fwp%2Fv2%2Fmedia&parent=62104"}],"wp:term":[{"taxonomy":"category","embeddable":true,"href":"https:\/\/blitzconquista.com.br\/index.php?rest_route=%2Fwp%2Fv2%2Fcategories&post=62104"},{"taxonomy":"post_tag","embeddable":true,"href":"https:\/\/blitzconquista.com.br\/index.php?rest_route=%2Fwp%2Fv2%2Ftags&post=62104"}],"curies":[{"name":"wp","href":"https:\/\/api.w.org\/{rel}","templated":true}]}}