{"id":62158,"date":"2017-08-01T01:59:11","date_gmt":"2017-08-01T04:59:11","guid":{"rendered":"http:\/\/blitzconquista.com.br\/?p=62158"},"modified":"2017-08-01T01:59:11","modified_gmt":"2017-08-01T04:59:11","slug":"pgr-volta-pedir-prisao-de-aecio-neves-ao-supremo","status":"publish","type":"post","link":"https:\/\/blitzconquista.com.br\/?p=62158","title":{"rendered":"PGR volta a pedir pris\u00e3o de A\u00e9cio Neves ao Supremo"},"content":{"rendered":"<p>A Procuradoria-Geral da Rep\u00fablica (PGR) entrou hoje (31) no Supremo Tribunal Federal (STF) com novo recurso pedindo a pris\u00e3o do senador A\u00e9cio Neves (PSDB-MG). A PGR pretende anular decis\u00e3o anterior do ministro Marco Aur\u00e9lio, que\u00a0<a href=\"http:\/\/agenciabrasil.ebc.com.br\/politica\/noticia\/2017-06\/marco-aurelio-autoriza-volta-de-aecio-ao-senado-e-nega-pedido-de-prisao\" target=\"_blank\" rel=\"noopener\">negou outro pedido de pris\u00e3o e determinou o retorno do parlamentar<\/a>, no m\u00eas passado, \u00e0s atividades no Senado.<\/p>\n<p>\u00c9 o terceiro pedido sucessivo feito pela procuradoria para prender o senador. Dois foram rejeitados desde a homologa\u00e7\u00e3o da dela\u00e7\u00e3o premiada da JBS. A quest\u00e3o ser\u00e1 analisada pela Primeira Turma da Corte, composta pelos ministros Alexandre de Moraes, Rosa Weber, Luiz Fux e Lu\u00eds Roberto Barroso, al\u00e9m do relator.<\/p>\n<p>Em caso de nova decis\u00e3o que rejeite o pedido de pris\u00e3o, o procurador-geral da Rep\u00fablica, Rodrigo Janot, autor do pedido, pede que seja restabelecido o afastamento de A\u00e9cio das atividades no Senado.<\/p>\n<p>No m\u00eas passado, Marco Aur\u00e9lio manteve decis\u00e3o anterior de negar o pedido de pris\u00e3o preventiva do senador, mas proibiu A\u00e9cio de deixar o pa\u00eds e de fazer contato com outros investigados ou r\u00e9us no processo.<\/p>\n<p>A defesa do senador A\u00e9cio Neves informou que ainda n\u00e3o teve acesso \u00e0 manifesta\u00e7\u00e3o da PGR, &#8220;mas segue tranquila quanto \u00e0 manuten\u00e7\u00e3o da decis\u00e3o do ministro Marco Aur\u00e9lio que, ao revogar as cautelares impostas contra o Senador, promoveu precisa aplica\u00e7\u00e3o das regras constitucionais&#8221;. &#8220;A renova\u00e7\u00e3o de pedido de pris\u00e3o contra o senador A\u00e9cio representa clara e reprov\u00e1vel tentativa de burla ao texto expresso da Constitui\u00e7\u00e3o Federal&#8221;, diz nota assinada pelo advogado Alberto Zacharias Toron.<\/p>\n<p>Antes da decis\u00e3o de Marco Aur\u00e9lio, A\u00e9cio Neves estava afastado da atividade parlamentar por uma decis\u00e3o do antigo relator do caso, ministro Edson Fachin. A\u00e9cio foi citado pelo empres\u00e1rio Joesley Batista, dono do grupo JBS, e um de seus depoimentos de dela\u00e7\u00e3o premiada. Joesley contou aos procuradores que A\u00e9cio lhe pediu R$ 2 milh\u00f5es para pagar despesas com sua defesa na Opera\u00e7\u00e3o Lava Jato.<\/p>\n<p>*texto atualizado \u00e0s 19h para incluir o posicionamento do senador A\u00e9cio Neves.<\/p>\n<p>*EBC<\/p>\n","protected":false},"excerpt":{"rendered":"<p>A Procuradoria-Geral da Rep\u00fablica (PGR) entrou hoje (31) no Supremo Tribunal Federal (STF) com novo recurso pedindo a pris\u00e3o do senador A\u00e9cio Neves (PSDB-MG). A PGR pretende anular decis\u00e3o anterior do ministro Marco Aur\u00e9lio, que\u00a0negou outro pedido de pris\u00e3o e determinou o retorno do parlamentar, no m\u00eas passado, \u00e0s atividades no Senado. \u00c9 o terceiro [&hellip;]<\/p>\n","protected":false},"author":1,"featured_media":62159,"comment_status":"closed","ping_status":"closed","sticky":false,"template":"","format":"standard","meta":[],"categories":[5],"tags":[],"_links":{"self":[{"href":"https:\/\/blitzconquista.com.br\/index.php?rest_route=\/wp\/v2\/posts\/62158"}],"collection":[{"href":"https:\/\/blitzconquista.com.br\/index.php?rest_route=\/wp\/v2\/posts"}],"about":[{"href":"https:\/\/blitzconquista.com.br\/index.php?rest_route=\/wp\/v2\/types\/post"}],"author":[{"embeddable":true,"href":"https:\/\/blitzconquista.com.br\/index.php?rest_route=\/wp\/v2\/users\/1"}],"replies":[{"embeddable":true,"href":"https:\/\/blitzconquista.com.br\/index.php?rest_route=%2Fwp%2Fv2%2Fcomments&post=62158"}],"version-history":[{"count":1,"href":"https:\/\/blitzconquista.com.br\/index.php?rest_route=\/wp\/v2\/posts\/62158\/revisions"}],"predecessor-version":[{"id":62160,"href":"https:\/\/blitzconquista.com.br\/index.php?rest_route=\/wp\/v2\/posts\/62158\/revisions\/62160"}],"wp:featuredmedia":[{"embeddable":true,"href":"https:\/\/blitzconquista.com.br\/index.php?rest_route=\/wp\/v2\/media\/62159"}],"wp:attachment":[{"href":"https:\/\/blitzconquista.com.br\/index.php?rest_route=%2Fwp%2Fv2%2Fmedia&parent=62158"}],"wp:term":[{"taxonomy":"category","embeddable":true,"href":"https:\/\/blitzconquista.com.br\/index.php?rest_route=%2Fwp%2Fv2%2Fcategories&post=62158"},{"taxonomy":"post_tag","embeddable":true,"href":"https:\/\/blitzconquista.com.br\/index.php?rest_route=%2Fwp%2Fv2%2Ftags&post=62158"}],"curies":[{"name":"wp","href":"https:\/\/api.w.org\/{rel}","templated":true}]}}