{"id":62278,"date":"2017-08-02T11:23:56","date_gmt":"2017-08-02T14:23:56","guid":{"rendered":"http:\/\/blitzconquista.com.br\/?p=62278"},"modified":"2017-08-02T11:25:16","modified_gmt":"2017-08-02T14:25:16","slug":"cai-o-nome-mais-bem-avaliado-do-governo-pereira-audio-com-critica-de-ciano-esmeraldino-teria-sido-motivo-da-exoneracao","status":"publish","type":"post","link":"https:\/\/blitzconquista.com.br\/?p=62278","title":{"rendered":"Cai o nome mais bem avaliado do Governo Pereira; \u00e1udio com cr\u00edtica de Ciano a Esmeraldino teria motivado exonera\u00e7\u00e3o"},"content":{"rendered":"<p>Foi com surpresa e indigna\u00e7\u00e3o que muitos vereadores receberam a not\u00edcia da queda do coordenador de Servi\u00e7os P\u00fablicos, Deocleciano Jos\u00e9 de Souza Filho, mais conhecido por Ciano de Herzem.<\/p>\n<p>A exonera\u00e7\u00e3o do coordenador foi uma das principais pautas nas falas dos parlamentares, na primeira sess\u00e3o ordin\u00e1ria da C\u00e2mara, ap\u00f3s o recesso, nessa quarta, 02.<\/p>\n<p>O vereador C\u00edcero Cust\u00f3dio atribuiu a exonera\u00e7\u00e3o de Ciano ao vazamento do \u00e1udio em que o coordenador falava sobre o Secret\u00e1rio de Servi\u00e7os P\u00fablicos, Esmeraldino Correa.<\/p>\n<p>No \u00e1udio, Ciano conversava com o representante dos locutores de porta de loja e pedia que a categoria confiasse em sua atua\u00e7\u00e3o. Na conversa, o ex-coordenador dizia que se eles n\u00e3o confiassem, ele (Ciano) lavaria as m\u00e3os e deixaria o Coronel tomar conta e desabafou: \u201cvoc\u00eas v\u00e3o ver o que \u00e9 bagun\u00e7a\u201d. A declara\u00e7\u00e3o sincera e realista de Ciano teria sido o suficiente para o Prefeito exoner\u00e1-lo.<\/p>\n<p>O vereador Rodrigo Moreira tamb\u00e9m lamentou a queda de Ciano, dizendo que o que tem de bom no Governo de Pereira sempre acaba.<\/p>\n<p>Fernando Jacar\u00e9 n\u00e3o deixou de criticar a queda de Ciano, o nome mais bem avaliado no executivo.<\/p>\n<p>Nos bastidores da pol\u00edtica, muitos apostam que pereira n\u00e3o resistiu a press\u00e3o interna dos seus colaboradores, dos quais muitos estariam enciumados com o desempenho de Ciano. Com a press\u00e3o, o prefeito acabou derrubando o seu afilhado, batizado politicamente como Ciano de Herzem.<\/p>\n","protected":false},"excerpt":{"rendered":"<p>Foi com surpresa e indigna\u00e7\u00e3o que muitos vereadores receberam a not\u00edcia da queda do coordenador de Servi\u00e7os P\u00fablicos, Deocleciano Jos\u00e9 de Souza Filho, mais conhecido por Ciano de Herzem. A exonera\u00e7\u00e3o do coordenador foi uma das principais pautas nas falas dos parlamentares, na primeira sess\u00e3o ordin\u00e1ria da C\u00e2mara, ap\u00f3s o recesso, nessa quarta, 02. O [&hellip;]<\/p>\n","protected":false},"author":1,"featured_media":62279,"comment_status":"closed","ping_status":"closed","sticky":false,"template":"","format":"standard","meta":[],"categories":[212,5],"tags":[],"_links":{"self":[{"href":"https:\/\/blitzconquista.com.br\/index.php?rest_route=\/wp\/v2\/posts\/62278"}],"collection":[{"href":"https:\/\/blitzconquista.com.br\/index.php?rest_route=\/wp\/v2\/posts"}],"about":[{"href":"https:\/\/blitzconquista.com.br\/index.php?rest_route=\/wp\/v2\/types\/post"}],"author":[{"embeddable":true,"href":"https:\/\/blitzconquista.com.br\/index.php?rest_route=\/wp\/v2\/users\/1"}],"replies":[{"embeddable":true,"href":"https:\/\/blitzconquista.com.br\/index.php?rest_route=%2Fwp%2Fv2%2Fcomments&post=62278"}],"version-history":[{"count":3,"href":"https:\/\/blitzconquista.com.br\/index.php?rest_route=\/wp\/v2\/posts\/62278\/revisions"}],"predecessor-version":[{"id":62282,"href":"https:\/\/blitzconquista.com.br\/index.php?rest_route=\/wp\/v2\/posts\/62278\/revisions\/62282"}],"wp:featuredmedia":[{"embeddable":true,"href":"https:\/\/blitzconquista.com.br\/index.php?rest_route=\/wp\/v2\/media\/62279"}],"wp:attachment":[{"href":"https:\/\/blitzconquista.com.br\/index.php?rest_route=%2Fwp%2Fv2%2Fmedia&parent=62278"}],"wp:term":[{"taxonomy":"category","embeddable":true,"href":"https:\/\/blitzconquista.com.br\/index.php?rest_route=%2Fwp%2Fv2%2Fcategories&post=62278"},{"taxonomy":"post_tag","embeddable":true,"href":"https:\/\/blitzconquista.com.br\/index.php?rest_route=%2Fwp%2Fv2%2Ftags&post=62278"}],"curies":[{"name":"wp","href":"https:\/\/api.w.org\/{rel}","templated":true}]}}