{"id":62630,"date":"2017-08-14T08:20:00","date_gmt":"2017-08-14T11:20:00","guid":{"rendered":"http:\/\/blitzconquista.com.br\/?p=62630"},"modified":"2017-08-15T01:49:39","modified_gmt":"2017-08-15T04:49:39","slug":"em-semana-de-polemicas-andre-ferraro-coloca-na-mao-do-prefeito-decisao-sobre-sua-permanencia","status":"publish","type":"post","link":"https:\/\/blitzconquista.com.br\/?p=62630","title":{"rendered":"Em semana de pol\u00eamicas, Andr\u00e9 Ferraro coloca na m\u00e3o do prefeito decis\u00e3o sobre sua perman\u00eancia"},"content":{"rendered":"<p>Motivos n\u00e3o faltam para justificar as insatisfa\u00e7\u00f5es do secret\u00e1rio de Comunica\u00e7\u00e3o, Andr\u00e9 Ferraro, como o Governo Pereira.<\/p>\n<p>Na semana que a gest\u00e3o deveria estar minimizando os efeitos negativos dos primeiros meses de gest\u00e3o, j\u00e1 que come\u00e7ou efetivamente a opera\u00e7\u00e3o tapa-buracos e o recapeamento das principais vias da cidade, os correligion\u00e1rios de Pereira bateram cabe\u00e7a. Alguns apagavam fogo, outros jogavam gasolina.<\/p>\n<p>V\u00e1rios fatos pol\u00eamicos e desnecess\u00e1rios protagonizaram o cen\u00e1rio pol\u00edtico. Foram as declara\u00e7\u00f5es desrespeitosas de Augusto Filho, que ofendeu com palavr\u00f5es impublic\u00e1veis uma senhora; os quadros retirados da Casa Memorial R\u00e9gis Pacheco; al\u00e9m da inesperada exonera\u00e7\u00e3o do coordenador de esportes, Luciano Pina.<\/p>\n<p>De m\u00e3os atadas, vendo sua pasta ser \u201cmarginalizada\u201d pela gest\u00e3o, Ferraro desabafou nas redes sociais demonstrando descontentamento.<\/p>\n<blockquote><p><em><strong><span style=\"color: #ff0000;\">&#8220;Diante da not\u00edcia n\u00e3o h\u00e1 como negar que h\u00e1 s\u00e9rias diverg\u00eancias internas que na minha opini\u00e3o est\u00e3o prejudicando o governo, e mais especialmente a secretaria de comunica\u00e7\u00e3o, mas acho que isso devia se resolver internamente. A decis\u00e3o da continuidade depende das condi\u00e7\u00f5es de trabalho e cabe apenas ao prefeito. Eu n\u00e3o sou de me render, sou de guerrear. N\u00e3o me exonero. Tenho uma honra e um nome a zelar, e mais, um compromisso de sangue com a cidade que me obriga a defend\u00ea-la sempre, custe o que custar. Agora, repito, a decis\u00e3o cabe unicamente ao prefeito.&#8221;<\/span><\/strong><\/em><\/p><\/blockquote>\n<p>Mesmo com tal declara\u00e7\u00e3o, Pereira ainda n\u00e3o se posicionou e a demora provoca um desgaste ainda maior da sua gest\u00e3o.<\/p>\n","protected":false},"excerpt":{"rendered":"<p>Motivos n\u00e3o faltam para justificar as insatisfa\u00e7\u00f5es do secret\u00e1rio de Comunica\u00e7\u00e3o, Andr\u00e9 Ferraro, como o Governo Pereira. Na semana que a gest\u00e3o deveria estar minimizando os efeitos negativos dos primeiros meses de gest\u00e3o, j\u00e1 que come\u00e7ou efetivamente a opera\u00e7\u00e3o tapa-buracos e o recapeamento das principais vias da cidade, os correligion\u00e1rios de Pereira bateram cabe\u00e7a. Alguns [&hellip;]<\/p>\n","protected":false},"author":1,"featured_media":62635,"comment_status":"closed","ping_status":"closed","sticky":false,"template":"","format":"standard","meta":[],"categories":[5],"tags":[],"_links":{"self":[{"href":"https:\/\/blitzconquista.com.br\/index.php?rest_route=\/wp\/v2\/posts\/62630"}],"collection":[{"href":"https:\/\/blitzconquista.com.br\/index.php?rest_route=\/wp\/v2\/posts"}],"about":[{"href":"https:\/\/blitzconquista.com.br\/index.php?rest_route=\/wp\/v2\/types\/post"}],"author":[{"embeddable":true,"href":"https:\/\/blitzconquista.com.br\/index.php?rest_route=\/wp\/v2\/users\/1"}],"replies":[{"embeddable":true,"href":"https:\/\/blitzconquista.com.br\/index.php?rest_route=%2Fwp%2Fv2%2Fcomments&post=62630"}],"version-history":[{"count":2,"href":"https:\/\/blitzconquista.com.br\/index.php?rest_route=\/wp\/v2\/posts\/62630\/revisions"}],"predecessor-version":[{"id":62636,"href":"https:\/\/blitzconquista.com.br\/index.php?rest_route=\/wp\/v2\/posts\/62630\/revisions\/62636"}],"wp:featuredmedia":[{"embeddable":true,"href":"https:\/\/blitzconquista.com.br\/index.php?rest_route=\/wp\/v2\/media\/62635"}],"wp:attachment":[{"href":"https:\/\/blitzconquista.com.br\/index.php?rest_route=%2Fwp%2Fv2%2Fmedia&parent=62630"}],"wp:term":[{"taxonomy":"category","embeddable":true,"href":"https:\/\/blitzconquista.com.br\/index.php?rest_route=%2Fwp%2Fv2%2Fcategories&post=62630"},{"taxonomy":"post_tag","embeddable":true,"href":"https:\/\/blitzconquista.com.br\/index.php?rest_route=%2Fwp%2Fv2%2Ftags&post=62630"}],"curies":[{"name":"wp","href":"https:\/\/api.w.org\/{rel}","templated":true}]}}