{"id":62641,"date":"2017-08-14T08:51:51","date_gmt":"2017-08-14T11:51:51","guid":{"rendered":"http:\/\/blitzconquista.com.br\/?p=62641"},"modified":"2017-08-14T08:51:51","modified_gmt":"2017-08-14T11:51:51","slug":"justica-federal-em-vitoria-da-conquista-condena-ex-prefeita-de-encruzilhada-em-r-370-mil-por-malversacao","status":"publish","type":"post","link":"https:\/\/blitzconquista.com.br\/?p=62641","title":{"rendered":"Justi\u00e7a Federal em Vit\u00f3ria da Conquista condena ex-prefeita de Encruzilhada em R$ 370 mil por malversa\u00e7\u00e3o"},"content":{"rendered":"<p>O juiz federal da 2\u00aa Vara da Subse\u00e7\u00e3o Judici\u00e1ria de Vit\u00f3ria da Conquista, F\u00e1\u00adbio Stief Marmund, em a\u00e7\u00e3o civil p\u00fablica movida pelo MPF contra Ivani Santos, ex\u00ad-prefeita de Encruzilhada, condenou a r\u00e9 ao ressarcimento integral do dano de R$ 323.888,23, pagamento de danos morais coletivos de R$ 20 mil, multa civil de R$ 30 mil, perda da fun\u00e7\u00e3o p\u00fablica, proibi\u00e7\u00e3o de contratar com o Poder P\u00fablico e suspen\u00ads\u00e3o dos direitos pol\u00edticos, por cinco anos.<\/p>\n<p>Ao decidir sobre o pagamento de danos morais coletivos, o magistrado registrou que alguns juristas n\u00e3o o admitem \u201cpor se prenderem ao ultrapassado conceito de dano moral, como a dor e o sofrimento in\u00adfligidos a um indiv\u00edduo por uma conduta il\u00edcita. Todavia, o direito civil contempo\u00adr\u00e2neo tem se afastado desse crit\u00e9rio, para entender o dano moral como aquele de\u00adcorrente da viola\u00e7\u00e3o de direitos da perso\u00adnalidade, enquanto express\u00e3o do princ\u00edpio da dignidade da pessoa humana, sendo despicienda a demonstra\u00e7\u00e3o de que a v\u00edti\u00adma passou por um sofrimento ou vexame\u201d.<\/p>\n<p>O julgador considerou que foi demons\u00adtrado o descaso da requerida, que atrasou o pagamento dos servidores, dos meses de novembro, dezembro e 13\u00ba sal\u00e1rio, mes\u00admo existindo numer\u00e1rio para tal finalida\u00adde, \u201ccausando n\u00e3o apenas descr\u00e9dito na administra\u00e7\u00e3o p\u00fablica, mas, sobretudo, vilipendiando valores caros da sociedade \u2013 transbordando os limites do toler\u00e1vel, haja vista que foi retirado dos profissionais do magist\u00e9rio da educa\u00e7\u00e3o verbas destinadas ao seu sustento, com n\u00edtido car\u00e1ter ali\u00admentar, ou seja, foi infringida a dignidade dos servidores da educa\u00e7\u00e3o, e, por conse\u00adqu\u00eancia, de toda a sociedade\u201d.<\/p>\n<p>A senten\u00e7a registra que n\u00e3o se pode ventilar a possibilidade de escassez de di\u00adnheiro p\u00fablico como justificativa, vez que demonstrada a exist\u00eancia de transfer\u00eancias feitas pela Uni\u00e3o para tal intento.<\/p>\n<p>Em dezembro de 2012, \u00faltimo m\u00eas do mandato da prefeita municipal, ao deixar o cargo, retirou todos os recursos da conta vinculada do FUNDEB &#8211; inclusive os que tinham por prop\u00f3sito legal especifico o pa\u00adgamento do pessoal da educa\u00e7\u00e3o e n\u00e3o os repassou aos professores, deixando todos os funcion\u00e1rios municipais da educa\u00e7\u00e3o sem sal\u00e1rios e o Munic\u00edpio sem os recursos vinculados para esse pagamento.<\/p>\n<p>Chamou a aten\u00e7\u00e3o do o fato que, no seu \u00faltimo dia de mandato, a ex-prefeita reali\u00adzou tr\u00eas transfer\u00eancias on line totalizando a quantia de R$ 285.500,00, deixando o saldo da conta no valor de R$ 0,00 .<\/p>\n<p>E finalizou: \u201cDestaca-se, por consequ\u00eancia, que a conta sequer poderia estar zerada quando do t\u00e9rmino do mandato da requerida, eis que deveria haver provis\u00e3o de fundos para pagamento dos sal\u00e1rios de dezembro no 5\u00b0 dia \u00fatil de janeiro\u201d.<\/p>\n<p>&nbsp;<\/p>\n","protected":false},"excerpt":{"rendered":"<p>O juiz federal da 2\u00aa Vara da Subse\u00e7\u00e3o Judici\u00e1ria de Vit\u00f3ria da Conquista, F\u00e1\u00adbio Stief Marmund, em a\u00e7\u00e3o civil p\u00fablica movida pelo MPF contra Ivani Santos, ex\u00ad-prefeita de Encruzilhada, condenou a r\u00e9 ao ressarcimento integral do dano de R$ 323.888,23, pagamento de danos morais coletivos de R$ 20 mil, multa civil de R$ 30 mil, [&hellip;]<\/p>\n","protected":false},"author":1,"featured_media":59917,"comment_status":"closed","ping_status":"closed","sticky":false,"template":"","format":"standard","meta":[],"categories":[5],"tags":[],"_links":{"self":[{"href":"https:\/\/blitzconquista.com.br\/index.php?rest_route=\/wp\/v2\/posts\/62641"}],"collection":[{"href":"https:\/\/blitzconquista.com.br\/index.php?rest_route=\/wp\/v2\/posts"}],"about":[{"href":"https:\/\/blitzconquista.com.br\/index.php?rest_route=\/wp\/v2\/types\/post"}],"author":[{"embeddable":true,"href":"https:\/\/blitzconquista.com.br\/index.php?rest_route=\/wp\/v2\/users\/1"}],"replies":[{"embeddable":true,"href":"https:\/\/blitzconquista.com.br\/index.php?rest_route=%2Fwp%2Fv2%2Fcomments&post=62641"}],"version-history":[{"count":1,"href":"https:\/\/blitzconquista.com.br\/index.php?rest_route=\/wp\/v2\/posts\/62641\/revisions"}],"predecessor-version":[{"id":62642,"href":"https:\/\/blitzconquista.com.br\/index.php?rest_route=\/wp\/v2\/posts\/62641\/revisions\/62642"}],"wp:featuredmedia":[{"embeddable":true,"href":"https:\/\/blitzconquista.com.br\/index.php?rest_route=\/wp\/v2\/media\/59917"}],"wp:attachment":[{"href":"https:\/\/blitzconquista.com.br\/index.php?rest_route=%2Fwp%2Fv2%2Fmedia&parent=62641"}],"wp:term":[{"taxonomy":"category","embeddable":true,"href":"https:\/\/blitzconquista.com.br\/index.php?rest_route=%2Fwp%2Fv2%2Fcategories&post=62641"},{"taxonomy":"post_tag","embeddable":true,"href":"https:\/\/blitzconquista.com.br\/index.php?rest_route=%2Fwp%2Fv2%2Ftags&post=62641"}],"curies":[{"name":"wp","href":"https:\/\/api.w.org\/{rel}","templated":true}]}}