{"id":62655,"date":"2017-08-14T22:14:04","date_gmt":"2017-08-15T01:14:04","guid":{"rendered":"http:\/\/blitzconquista.com.br\/?p=62655"},"modified":"2017-08-14T22:14:04","modified_gmt":"2017-08-15T01:14:04","slug":"rui-atende-professores-e-anuncia-concurso-com-34-mil-vagas","status":"publish","type":"post","link":"https:\/\/blitzconquista.com.br\/?p=62655","title":{"rendered":"Rui atende professores e anuncia concurso com 3,4 mil vagas"},"content":{"rendered":"<p>Em reuni\u00e3o com o Sindicato dos Trabalhadores em Educa\u00e7\u00e3o da Bahia (APLB), nesta segunda-feira (14), na Governadoria, o governador Rui Costa anunciou detalhes sobre concurso p\u00fablico para contrata\u00e7\u00e3o de 2.796 professores e 664 coordenadores pedag\u00f3gicos. As vagas do certame ser\u00e3o municipalizadas e distribu\u00eddas por 365 cidades baianas. O Governo do Estado tamb\u00e9m aumentou para 70% o percentual de gratifica\u00e7\u00e3o por Condi\u00e7\u00f5es Especiais de Trabalho (CET) de todos os diretores escolares da rede de ensino. Ainda como resultado da reuni\u00e3o com a APLB, o governador autorizou a amplia\u00e7\u00e3o da jornada de trabalho para aqueles educadores que trabalham 20h semanais e desejam passar para o regime de 40h, recebendo o dobro do sal\u00e1rio.<\/p>\n<p>\u201cA reuni\u00e3o foi muito positiva. Conversamos sobre os pleitos, as demandas dos professores, e sa\u00edmos com boas not\u00edcias. O concurso, que ter\u00e1 um total de 3.460 vagas, ser\u00e1 publicado em, no m\u00e1ximo, 60 dias. Al\u00e9m disso, anunciamos a incorpora\u00e7\u00e3o para 1.078 professores da amplia\u00e7\u00e3o da jornada de trabalho, de 20h para 40h semanais. E, cumprindo um compromisso meu, tamb\u00e9m aumentaremos a remunera\u00e7\u00e3o de diretores de escola. Marquei uma nova reuni\u00e3o com a APLB para a segunda quinzena de setembro, quando conversaremos sobre o restante da pauta, com as promo\u00e7\u00f5es dos reajustes que vamos praticar ainda este ano, em fun\u00e7\u00e3o dos c\u00e1lculos que estamos fazendo pra dar garantias que possamos fazer melhoria salarial associada \u00e0 seguran\u00e7a, tanto dos aposentados, quanto dos professores da ativa\u201d, afirmou Rui Costa.<\/p>\n<p>Os concursos para os educadores e o aumento de carga hor\u00e1ria t\u00eam o objetivo de suprir a vac\u00e2ncia deixada pelo grande volume de aposentadorias e garantir a presta\u00e7\u00e3o dos servi\u00e7os da rede p\u00fablica de ensino, composta por 1.297 unidades escolares.<\/p>\n<p>A abertura dos certames e a concess\u00e3o de aumento de carga hor\u00e1ria remunerada foram poss\u00edveis em fun\u00e7\u00e3o de o Estado ter sa\u00eddo do limite prudencial com gastos de pessoal, como determina a Lei de Responsabilidade Fiscal (LRF). A Secretaria da Administra\u00e7\u00e3o do Estado (Saeb) est\u00e1 em fase de prepara\u00e7\u00e3o dos editais.<\/p>\n<p>As 2.796 vagas abertas para professores do ensino m\u00e9dio e fundamental v\u00e3o gerar um impacto de R$ 117,6 milh\u00f5es, a partir de janeiro de 2018. As vagas ser\u00e3o para professores do magist\u00e9rio p\u00fablico com carga de 40 horas semanais. J\u00e1 com as 664 vagas de coordenadores pedag\u00f3gicos, o Governo ter\u00e1 uma despesa com custeio de R$ 29,4 milh\u00f5es, no exerc\u00edcio 2018.<\/p>\n<p>De acordo com o presidente da APLB, Rui Oliveira, a reuni\u00e3o foi proveitosa. \u201cDecidimos pontos importantes com o governador, que figuram como uma grande vit\u00f3ria do movimento sindical. Vamos continuar discutindo sobre promo\u00e7\u00f5es e outras quest\u00f5es em outro encontro que j\u00e1 deixamos marcado\u201d.<\/p>\n<p>Segundo o secret\u00e1rio estadual da Educa\u00e7\u00e3o, Walter Pinheiro, o governador est\u00e1 apostando firmemente na mudan\u00e7a pedag\u00f3gica e no apoio \u00e0 escola. \u201cAl\u00e9m das vagas oferecidas no concurso, estamos aumentando a carga hor\u00e1ria de 262 coordenadores pedag\u00f3gicos de 20 para 40 horas semanais com o objetivo de cobrir a totalidade de nossas escolas com coordena\u00e7\u00e3o pedag\u00f3gica. Os novos professores tamb\u00e9m v\u00e3o trabalhar num regime de 40 horas, o que possibilita uma maior intera\u00e7\u00e3o e ambienta\u00e7\u00e3o do professor com a escola, e consequentemente uma melhora do trabalho que \u00e9 feito\u201d, explicou.<\/p>\n<p><strong>Carga hor\u00e1ria<\/strong><\/p>\n<p>O Governo vai abrir processo para a amplia\u00e7\u00e3o de carga hor\u00e1ria de 816 professores do ensino fundamental e m\u00e9dio. O acr\u00e9scimo dos gastos com amplia\u00e7\u00e3o da carga hor\u00e1ria ser\u00e1 de 29,4 milh\u00f5es no exerc\u00edcio de 2018. Os processos de aumento da carga hor\u00e1ria devem ser solicitados individualmente pelos interessados e estar\u00e3o condicionados \u00e0 exist\u00eancia de vaga no quadro de magist\u00e9rio p\u00fablico estadual, al\u00e9m da observ\u00e2ncia dos crit\u00e9rios previstos no Estatuto do Magist\u00e9rio.<\/p>\n<p>Tamb\u00e9m foram abertas 262 vagas para aumento de carga hor\u00e1ria de coordenadores pedag\u00f3gicos. Eles v\u00e3o sair de uma carga de 20 horas para 40 horas semanais. A medida teve entendimento favor\u00e1vel da Procuradoria Geral do Estado (PGE), em fun\u00e7\u00e3o de suprir a vac\u00e2ncia de aposentados, exonerados e falecimentos.<\/p>\n<p><strong>Bolsa Perman\u00eancia<\/strong><\/p>\n<p>A Bolsa de Est\u00edmulo \u00e0 Perman\u00eancia em Atividade de Classe \u00e9 outra medida do Governo do Estado para garantir a boa presta\u00e7\u00e3o dos servi\u00e7os da rede p\u00fablica de ensino, em fun\u00e7\u00e3o da grande quantidade de aposentadorias de educadores.<\/p>\n<p>Em dezembro de 2016, a administra\u00e7\u00e3o estadual abriu tr\u00eas mil vagas da bolsa para professores que j\u00e1 possuem os requisitos para aposentaria, mas que desejam permanecer em atividade. Aqueles que optarem pela bolsa e decidirem continuar lecionando recebem valores entre R$ 800 e R$ 1,6 mil, dependendo se a carga hor\u00e1ria \u00e9 de 20 ou 40 horas.<\/p>\n","protected":false},"excerpt":{"rendered":"<p>Em reuni\u00e3o com o Sindicato dos Trabalhadores em Educa\u00e7\u00e3o da Bahia (APLB), nesta segunda-feira (14), na Governadoria, o governador Rui Costa anunciou detalhes sobre concurso p\u00fablico para contrata\u00e7\u00e3o de 2.796 professores e 664 coordenadores pedag\u00f3gicos. As vagas do certame ser\u00e3o municipalizadas e distribu\u00eddas por 365 cidades baianas. O Governo do Estado tamb\u00e9m aumentou para 70% [&hellip;]<\/p>\n","protected":false},"author":1,"featured_media":62656,"comment_status":"closed","ping_status":"closed","sticky":false,"template":"","format":"standard","meta":[],"categories":[5],"tags":[],"_links":{"self":[{"href":"https:\/\/blitzconquista.com.br\/index.php?rest_route=\/wp\/v2\/posts\/62655"}],"collection":[{"href":"https:\/\/blitzconquista.com.br\/index.php?rest_route=\/wp\/v2\/posts"}],"about":[{"href":"https:\/\/blitzconquista.com.br\/index.php?rest_route=\/wp\/v2\/types\/post"}],"author":[{"embeddable":true,"href":"https:\/\/blitzconquista.com.br\/index.php?rest_route=\/wp\/v2\/users\/1"}],"replies":[{"embeddable":true,"href":"https:\/\/blitzconquista.com.br\/index.php?rest_route=%2Fwp%2Fv2%2Fcomments&post=62655"}],"version-history":[{"count":1,"href":"https:\/\/blitzconquista.com.br\/index.php?rest_route=\/wp\/v2\/posts\/62655\/revisions"}],"predecessor-version":[{"id":62657,"href":"https:\/\/blitzconquista.com.br\/index.php?rest_route=\/wp\/v2\/posts\/62655\/revisions\/62657"}],"wp:featuredmedia":[{"embeddable":true,"href":"https:\/\/blitzconquista.com.br\/index.php?rest_route=\/wp\/v2\/media\/62656"}],"wp:attachment":[{"href":"https:\/\/blitzconquista.com.br\/index.php?rest_route=%2Fwp%2Fv2%2Fmedia&parent=62655"}],"wp:term":[{"taxonomy":"category","embeddable":true,"href":"https:\/\/blitzconquista.com.br\/index.php?rest_route=%2Fwp%2Fv2%2Fcategories&post=62655"},{"taxonomy":"post_tag","embeddable":true,"href":"https:\/\/blitzconquista.com.br\/index.php?rest_route=%2Fwp%2Fv2%2Ftags&post=62655"}],"curies":[{"name":"wp","href":"https:\/\/api.w.org\/{rel}","templated":true}]}}