{"id":62677,"date":"2017-08-15T16:40:42","date_gmt":"2017-08-15T19:40:42","guid":{"rendered":"http:\/\/blitzconquista.com.br\/?p=62677"},"modified":"2017-08-15T16:41:13","modified_gmt":"2017-08-15T19:41:13","slug":"florisvaldo-diz-esperar-atuacao-da-camara-sobre-denuncias-feitas-por-ex-secretario","status":"publish","type":"post","link":"https:\/\/blitzconquista.com.br\/?p=62677","title":{"rendered":"Florisvaldo diz esperar atua\u00e7\u00e3o da C\u00e2mara sobre den\u00fancias feitas por ex-secret\u00e1rio"},"content":{"rendered":"<p><span style=\"font-size: large; color: #ff0000;\"><strong><span style=\"font-family: 'Helvetica Neue', Arial, Helvetica, sans-serif;\">Quem vai recuperar o dano que essa administra\u00e7\u00e3o pode causar a nossa cidade? Questiona o ex-vereador<\/span><\/strong><\/span><\/p>\n<!--[if lt IE 9]><script>document.createElement('audio');<\/script><![endif]-->\n<audio class=\"wp-audio-shortcode\" id=\"audio-62677-1\" preload=\"none\" style=\"width: 100%;\" controls=\"controls\"><source type=\"audio\/mpeg\" src=\"http:\/\/blitzconquista.com.br\/wp-content\/uploads\/2017\/08\/Florisvaldo-fala-sobre-den\u00facias-de-ex-secert\u00e1rio.mp3?_=1\" \/><a href=\"http:\/\/blitzconquista.com.br\/wp-content\/uploads\/2017\/08\/Florisvaldo-fala-sobre-den\u00facias-de-ex-secert\u00e1rio.mp3\">http:\/\/blitzconquista.com.br\/wp-content\/uploads\/2017\/08\/Florisvaldo-fala-sobre-den\u00facias-de-ex-secert\u00e1rio.mp3<\/a><\/audio>\n<p>Em declara\u00e7\u00e3o ao Blitz, Florisvaldo Bittencourt diz esperar que nessa quarta, 16, os vereadores terminem a sess\u00e3o com um requerimento aprovado para instala\u00e7\u00e3o de Comiss\u00e3o de Inqu\u00e9rito para apurar as \u201cgraves den\u00fancias\u201d feitas pelo ex-secret\u00e1rio Andr\u00e9 Ferraro.<\/p>\n<p>Florisvaldo diz que sabia que o prefeito n\u00e3o tinha projeto para cidade e n\u00e3o estava a altura do povo de Conquista.<\/p>\n<p>O ex-parlamentar lembra de alguns esc\u00e2ndalos e lamenta que os casos fiquem sem explica\u00e7\u00e3o. E destaca da necessidade de fiscaliza\u00e7\u00e3o quando um integrante do Governo faz den\u00fancias graves.<\/p>\n","protected":false},"excerpt":{"rendered":"<p>Quem vai recuperar o dano que essa administra\u00e7\u00e3o pode causar a nossa cidade? Questiona o ex-vereador Em declara\u00e7\u00e3o ao Blitz, Florisvaldo Bittencourt diz esperar que nessa quarta, 16, os vereadores terminem a sess\u00e3o com um requerimento aprovado para instala\u00e7\u00e3o de Comiss\u00e3o de Inqu\u00e9rito para apurar as \u201cgraves den\u00fancias\u201d feitas pelo ex-secret\u00e1rio Andr\u00e9 Ferraro. Florisvaldo diz [&hellip;]<\/p>\n","protected":false},"author":1,"featured_media":62679,"comment_status":"closed","ping_status":"closed","sticky":false,"template":"","format":"standard","meta":[],"categories":[5,404],"tags":[],"_links":{"self":[{"href":"https:\/\/blitzconquista.com.br\/index.php?rest_route=\/wp\/v2\/posts\/62677"}],"collection":[{"href":"https:\/\/blitzconquista.com.br\/index.php?rest_route=\/wp\/v2\/posts"}],"about":[{"href":"https:\/\/blitzconquista.com.br\/index.php?rest_route=\/wp\/v2\/types\/post"}],"author":[{"embeddable":true,"href":"https:\/\/blitzconquista.com.br\/index.php?rest_route=\/wp\/v2\/users\/1"}],"replies":[{"embeddable":true,"href":"https:\/\/blitzconquista.com.br\/index.php?rest_route=%2Fwp%2Fv2%2Fcomments&post=62677"}],"version-history":[{"count":1,"href":"https:\/\/blitzconquista.com.br\/index.php?rest_route=\/wp\/v2\/posts\/62677\/revisions"}],"predecessor-version":[{"id":62680,"href":"https:\/\/blitzconquista.com.br\/index.php?rest_route=\/wp\/v2\/posts\/62677\/revisions\/62680"}],"wp:featuredmedia":[{"embeddable":true,"href":"https:\/\/blitzconquista.com.br\/index.php?rest_route=\/wp\/v2\/media\/62679"}],"wp:attachment":[{"href":"https:\/\/blitzconquista.com.br\/index.php?rest_route=%2Fwp%2Fv2%2Fmedia&parent=62677"}],"wp:term":[{"taxonomy":"category","embeddable":true,"href":"https:\/\/blitzconquista.com.br\/index.php?rest_route=%2Fwp%2Fv2%2Fcategories&post=62677"},{"taxonomy":"post_tag","embeddable":true,"href":"https:\/\/blitzconquista.com.br\/index.php?rest_route=%2Fwp%2Fv2%2Ftags&post=62677"}],"curies":[{"name":"wp","href":"https:\/\/api.w.org\/{rel}","templated":true}]}}