{"id":62702,"date":"2017-08-16T13:33:51","date_gmt":"2017-08-16T16:33:51","guid":{"rendered":"http:\/\/blitzconquista.com.br\/?p=62702"},"modified":"2017-08-16T16:53:24","modified_gmt":"2017-08-16T19:53:24","slug":"deputado-marcell-moraes-entrara-com-uma-acao-contra-homem-que-foi-flagrado-estuprado-cadela-em-vitoria-da-conquista","status":"publish","type":"post","link":"https:\/\/blitzconquista.com.br\/?p=62702","title":{"rendered":"Deputado Marcell Moraes entrar\u00e1 com uma a\u00e7\u00e3o contra homem que foi flagrado estuprando cadela em Vit\u00f3ria da Conquista"},"content":{"rendered":"<p>Na madrugada deste domingo (14), em Vit\u00f3ria da Conquista, a pol\u00edcia da Base Comunit\u00e1ria de Seguran\u00e7a conduziram um casal que havia discutido. O que menos esper\u00e1vamos \u00e9 que essa briga teria sido motivada por uma agress\u00e3o do companheiro \u00e0 alguns dias atras com seu c\u00e3o de estima\u00e7\u00e3o. Em depoimento na delegacia, a mulher afirma que o companheiro estaria mantendo rela\u00e7\u00f5es sexuais e por isso, havia expulsado o rapaz de casa. Ap\u00f3s repercuss\u00e3o do caso, o deputado e protetor dos animais Marcell Moraes (PV), afirma que n\u00e3o deixar\u00e1 isso impune e que entrar\u00e1 com uma a\u00e7\u00e3o que o agressor seja punido. \u201cUm absurdo! Maltratar animais \u00e9 crime com pena, inclusive, de deten\u00e7\u00e3o. Mas, ainda assim, tem gente que insiste nesse tipo de viol\u00eancia contra esses seres indefesos. N\u00e3o deixarei esse monstro livre e ele vai pagar pelo que fez. Estou recebendo in\u00fameros casos como este em Conquista e \u00e9 por isso que eu estou trabalhando assiduamente para acabar com qualquer tipo de gesto que venha a prejudicar o animal. N\u00e3o entendo o que leva uma pessoa a ter certo tipo de atitude, com certeza, ele merece pagar de uma forma que ele sinta na pele o crime que cometeu\u201d afirma o parlamentar\u201d, disse Marcell.<\/p>\n<p>Ainda em entrevista, o parlamentar ressalta a import\u00e2ncia do seu projeto que indica cria\u00e7\u00e3o de delegacias especializadas em prote\u00e7\u00e3o animal na Bahia e afirma que continuar\u00e1 cobrando do Governo mais benef\u00edcios em prol do respeito aos animais.<\/p>\n","protected":false},"excerpt":{"rendered":"<p>Na madrugada deste domingo (14), em Vit\u00f3ria da Conquista, a pol\u00edcia da Base Comunit\u00e1ria de Seguran\u00e7a conduziram um casal que havia discutido. O que menos esper\u00e1vamos \u00e9 que essa briga teria sido motivada por uma agress\u00e3o do companheiro \u00e0 alguns dias atras com seu c\u00e3o de estima\u00e7\u00e3o. Em depoimento na delegacia, a mulher afirma que [&hellip;]<\/p>\n","protected":false},"author":1,"featured_media":62703,"comment_status":"closed","ping_status":"closed","sticky":false,"template":"","format":"standard","meta":[],"categories":[5],"tags":[],"_links":{"self":[{"href":"https:\/\/blitzconquista.com.br\/index.php?rest_route=\/wp\/v2\/posts\/62702"}],"collection":[{"href":"https:\/\/blitzconquista.com.br\/index.php?rest_route=\/wp\/v2\/posts"}],"about":[{"href":"https:\/\/blitzconquista.com.br\/index.php?rest_route=\/wp\/v2\/types\/post"}],"author":[{"embeddable":true,"href":"https:\/\/blitzconquista.com.br\/index.php?rest_route=\/wp\/v2\/users\/1"}],"replies":[{"embeddable":true,"href":"https:\/\/blitzconquista.com.br\/index.php?rest_route=%2Fwp%2Fv2%2Fcomments&post=62702"}],"version-history":[{"count":2,"href":"https:\/\/blitzconquista.com.br\/index.php?rest_route=\/wp\/v2\/posts\/62702\/revisions"}],"predecessor-version":[{"id":62731,"href":"https:\/\/blitzconquista.com.br\/index.php?rest_route=\/wp\/v2\/posts\/62702\/revisions\/62731"}],"wp:featuredmedia":[{"embeddable":true,"href":"https:\/\/blitzconquista.com.br\/index.php?rest_route=\/wp\/v2\/media\/62703"}],"wp:attachment":[{"href":"https:\/\/blitzconquista.com.br\/index.php?rest_route=%2Fwp%2Fv2%2Fmedia&parent=62702"}],"wp:term":[{"taxonomy":"category","embeddable":true,"href":"https:\/\/blitzconquista.com.br\/index.php?rest_route=%2Fwp%2Fv2%2Fcategories&post=62702"},{"taxonomy":"post_tag","embeddable":true,"href":"https:\/\/blitzconquista.com.br\/index.php?rest_route=%2Fwp%2Fv2%2Ftags&post=62702"}],"curies":[{"name":"wp","href":"https:\/\/api.w.org\/{rel}","templated":true}]}}