{"id":62734,"date":"2017-08-16T22:41:59","date_gmt":"2017-08-17T01:41:59","guid":{"rendered":"http:\/\/blitzconquista.com.br\/?p=62734"},"modified":"2017-08-16T22:45:08","modified_gmt":"2017-08-17T01:45:08","slug":"chega-ao-fim-motim-na-carceragem-de-pocoes-detentos-devem-ser-transferidos","status":"publish","type":"post","link":"https:\/\/blitzconquista.com.br\/?p=62734","title":{"rendered":"Chega ao fim motim na carceragem de Po\u00e7\u00f5es; detentos devem ser transferidos"},"content":{"rendered":"<p>A Pol\u00edcia Civil confirmou o fim do motim na carceragem da delegacia de Po\u00e7\u00f5es. Os detentos fizeram dois\u00a0 presos ref\u00e9ns e amea\u00e7aram mat\u00e1-los. Ap\u00f3s negocia\u00e7\u00e3o e interven\u00e7\u00e3o das policiais a situa\u00e7\u00e3o foi controlada no in\u00edcio da noite dessa quarta, 16.<\/p>\n<p>Os presos reivindicavam condi\u00e7\u00f5es semelhantes \u00e0s apresentadas nas unidades prisionais, o que na pr\u00e1tica \u00e9 invi\u00e1vel. A carceragem n\u00e3o tem estrutura e os investigadores de pol\u00edcia n\u00e3o tem fun\u00e7\u00e3o de cuidar de presos.<\/p>\n<p>H\u00e1 possibilidade que alguns dos 27 encarcerados sejam transferidos para o pres\u00eddio de Jequi\u00e9.<\/p>\n","protected":false},"excerpt":{"rendered":"<p>A Pol\u00edcia Civil confirmou o fim do motim na carceragem da delegacia de Po\u00e7\u00f5es. Os detentos fizeram dois\u00a0 presos ref\u00e9ns e amea\u00e7aram mat\u00e1-los. Ap\u00f3s negocia\u00e7\u00e3o e interven\u00e7\u00e3o das policiais a situa\u00e7\u00e3o foi controlada no in\u00edcio da noite dessa quarta, 16. Os presos reivindicavam condi\u00e7\u00f5es semelhantes \u00e0s apresentadas nas unidades prisionais, o que na pr\u00e1tica \u00e9 [&hellip;]<\/p>\n","protected":false},"author":1,"featured_media":62728,"comment_status":"closed","ping_status":"closed","sticky":false,"template":"","format":"standard","meta":[],"categories":[212,3],"tags":[],"_links":{"self":[{"href":"https:\/\/blitzconquista.com.br\/index.php?rest_route=\/wp\/v2\/posts\/62734"}],"collection":[{"href":"https:\/\/blitzconquista.com.br\/index.php?rest_route=\/wp\/v2\/posts"}],"about":[{"href":"https:\/\/blitzconquista.com.br\/index.php?rest_route=\/wp\/v2\/types\/post"}],"author":[{"embeddable":true,"href":"https:\/\/blitzconquista.com.br\/index.php?rest_route=\/wp\/v2\/users\/1"}],"replies":[{"embeddable":true,"href":"https:\/\/blitzconquista.com.br\/index.php?rest_route=%2Fwp%2Fv2%2Fcomments&post=62734"}],"version-history":[{"count":3,"href":"https:\/\/blitzconquista.com.br\/index.php?rest_route=\/wp\/v2\/posts\/62734\/revisions"}],"predecessor-version":[{"id":62737,"href":"https:\/\/blitzconquista.com.br\/index.php?rest_route=\/wp\/v2\/posts\/62734\/revisions\/62737"}],"wp:featuredmedia":[{"embeddable":true,"href":"https:\/\/blitzconquista.com.br\/index.php?rest_route=\/wp\/v2\/media\/62728"}],"wp:attachment":[{"href":"https:\/\/blitzconquista.com.br\/index.php?rest_route=%2Fwp%2Fv2%2Fmedia&parent=62734"}],"wp:term":[{"taxonomy":"category","embeddable":true,"href":"https:\/\/blitzconquista.com.br\/index.php?rest_route=%2Fwp%2Fv2%2Fcategories&post=62734"},{"taxonomy":"post_tag","embeddable":true,"href":"https:\/\/blitzconquista.com.br\/index.php?rest_route=%2Fwp%2Fv2%2Ftags&post=62734"}],"curies":[{"name":"wp","href":"https:\/\/api.w.org\/{rel}","templated":true}]}}