{"id":68420,"date":"2018-02-02T08:22:28","date_gmt":"2018-02-02T11:22:28","guid":{"rendered":"http:\/\/blitzconquista.com.br\/?p=68420"},"modified":"2018-02-01T23:23:26","modified_gmt":"2018-02-02T02:23:26","slug":"arlindo-reboucas-decide-ate-o-fim-do-mes-se-sera-candidato","status":"publish","type":"post","link":"https:\/\/blitzconquista.com.br\/?p=68420","title":{"rendered":"Arlindo Rebou\u00e7as decide at\u00e9 o fim do m\u00eas se ser\u00e1 candidato"},"content":{"rendered":"<p>\u00c9 grande a possibilidade do ex-vereador Arlindo Rebou\u00e7as entrar na disputa por uma cadeira na C\u00e2mara Federal. Segundo Rebou\u00e7as, ele deve definir se ser\u00e1 candidato at\u00e9 o final de fevereiro. O ex-vereador revelou ao Blitz Conquista que recebeu convite de v\u00e1rias agremia\u00e7\u00f5es, mas ainda est\u00e1 analisando as propostas.<\/p>\n","protected":false},"excerpt":{"rendered":"<p>\u00c9 grande a possibilidade do ex-vereador Arlindo Rebou\u00e7as entrar na disputa por uma cadeira na C\u00e2mara Federal. Segundo Rebou\u00e7as, ele deve definir se ser\u00e1 candidato at\u00e9 o final de fevereiro. O ex-vereador revelou ao Blitz Conquista que recebeu convite de v\u00e1rias agremia\u00e7\u00f5es, mas ainda est\u00e1 analisando as propostas.<\/p>\n","protected":false},"author":1,"featured_media":0,"comment_status":"closed","ping_status":"closed","sticky":false,"template":"","format":"standard","meta":[],"categories":[1],"tags":[],"_links":{"self":[{"href":"https:\/\/blitzconquista.com.br\/index.php?rest_route=\/wp\/v2\/posts\/68420"}],"collection":[{"href":"https:\/\/blitzconquista.com.br\/index.php?rest_route=\/wp\/v2\/posts"}],"about":[{"href":"https:\/\/blitzconquista.com.br\/index.php?rest_route=\/wp\/v2\/types\/post"}],"author":[{"embeddable":true,"href":"https:\/\/blitzconquista.com.br\/index.php?rest_route=\/wp\/v2\/users\/1"}],"replies":[{"embeddable":true,"href":"https:\/\/blitzconquista.com.br\/index.php?rest_route=%2Fwp%2Fv2%2Fcomments&post=68420"}],"version-history":[{"count":1,"href":"https:\/\/blitzconquista.com.br\/index.php?rest_route=\/wp\/v2\/posts\/68420\/revisions"}],"predecessor-version":[{"id":68421,"href":"https:\/\/blitzconquista.com.br\/index.php?rest_route=\/wp\/v2\/posts\/68420\/revisions\/68421"}],"wp:attachment":[{"href":"https:\/\/blitzconquista.com.br\/index.php?rest_route=%2Fwp%2Fv2%2Fmedia&parent=68420"}],"wp:term":[{"taxonomy":"category","embeddable":true,"href":"https:\/\/blitzconquista.com.br\/index.php?rest_route=%2Fwp%2Fv2%2Fcategories&post=68420"},{"taxonomy":"post_tag","embeddable":true,"href":"https:\/\/blitzconquista.com.br\/index.php?rest_route=%2Fwp%2Fv2%2Ftags&post=68420"}],"curies":[{"name":"wp","href":"https:\/\/api.w.org\/{rel}","templated":true}]}}