{"id":68422,"date":"2018-02-01T23:34:11","date_gmt":"2018-02-02T02:34:11","guid":{"rendered":"http:\/\/blitzconquista.com.br\/?p=68422"},"modified":"2018-02-01T23:34:11","modified_gmt":"2018-02-02T02:34:11","slug":"moradores-do-vila-america-reclamam-de-rua-enlameada","status":"publish","type":"post","link":"https:\/\/blitzconquista.com.br\/?p=68422","title":{"rendered":"Moradores do Vila Am\u00e9rica reclamam de rua enlameada"},"content":{"rendered":"<p>Moradores da Rua Jos\u00e9 S\u00e1 Martins, pr\u00f3ximo a horta comunit\u00e1ria, j\u00e1 n\u00e3o sabem mais o que fazer para resolverem o problema da lama e do grande lago formado em via p\u00fablica.<\/p>\n<p><a href=\"http:\/\/blitzconquista.com.br\/moradores-do-vila-america-reclamam-de-rua-enlameada\/362b0073-17cb-40f3-bf50-7f81b6ba27ea\/\" rel=\"attachment wp-att-68424\"><img decoding=\"async\" loading=\"lazy\" class=\"aligncenter size-full wp-image-68424\" src=\"http:\/\/blitzconquista.com.br\/wp-content\/uploads\/2018\/02\/362b0073-17cb-40f3-bf50-7f81b6ba27ea.jpg\" alt=\"\" width=\"1280\" height=\"960\" srcset=\"https:\/\/blitzconquista.com.br\/wp-content\/uploads\/2018\/02\/362b0073-17cb-40f3-bf50-7f81b6ba27ea.jpg 1280w, https:\/\/blitzconquista.com.br\/wp-content\/uploads\/2018\/02\/362b0073-17cb-40f3-bf50-7f81b6ba27ea-300x225.jpg 300w, https:\/\/blitzconquista.com.br\/wp-content\/uploads\/2018\/02\/362b0073-17cb-40f3-bf50-7f81b6ba27ea-768x576.jpg 768w, https:\/\/blitzconquista.com.br\/wp-content\/uploads\/2018\/02\/362b0073-17cb-40f3-bf50-7f81b6ba27ea-695x521.jpg 695w, https:\/\/blitzconquista.com.br\/wp-content\/uploads\/2018\/02\/362b0073-17cb-40f3-bf50-7f81b6ba27ea-74x55.jpg 74w, https:\/\/blitzconquista.com.br\/wp-content\/uploads\/2018\/02\/362b0073-17cb-40f3-bf50-7f81b6ba27ea-111x83.jpg 111w, https:\/\/blitzconquista.com.br\/wp-content\/uploads\/2018\/02\/362b0073-17cb-40f3-bf50-7f81b6ba27ea-215x161.jpg 215w, https:\/\/blitzconquista.com.br\/wp-content\/uploads\/2018\/02\/362b0073-17cb-40f3-bf50-7f81b6ba27ea-990x743.jpg 990w\" sizes=\"(max-width: 1280px) 100vw, 1280px\" \/><\/a><\/p>\n<p>De acordo com os moradores, a \u00e1gua est\u00e1 empo\u00e7ada h\u00e1 tempos e at\u00e9 o momento o problema n\u00e3o foi resolvido pela prefeitura.<\/p>\n","protected":false},"excerpt":{"rendered":"<p>Moradores da Rua Jos\u00e9 S\u00e1 Martins, pr\u00f3ximo a horta comunit\u00e1ria, j\u00e1 n\u00e3o sabem mais o que fazer para resolverem o problema da lama e do grande lago formado em via p\u00fablica. De acordo com os moradores, a \u00e1gua est\u00e1 empo\u00e7ada h\u00e1 tempos e at\u00e9 o momento o problema n\u00e3o foi resolvido pela prefeitura.<\/p>\n","protected":false},"author":1,"featured_media":68423,"comment_status":"closed","ping_status":"closed","sticky":false,"template":"","format":"standard","meta":[],"categories":[4],"tags":[],"_links":{"self":[{"href":"https:\/\/blitzconquista.com.br\/index.php?rest_route=\/wp\/v2\/posts\/68422"}],"collection":[{"href":"https:\/\/blitzconquista.com.br\/index.php?rest_route=\/wp\/v2\/posts"}],"about":[{"href":"https:\/\/blitzconquista.com.br\/index.php?rest_route=\/wp\/v2\/types\/post"}],"author":[{"embeddable":true,"href":"https:\/\/blitzconquista.com.br\/index.php?rest_route=\/wp\/v2\/users\/1"}],"replies":[{"embeddable":true,"href":"https:\/\/blitzconquista.com.br\/index.php?rest_route=%2Fwp%2Fv2%2Fcomments&post=68422"}],"version-history":[{"count":2,"href":"https:\/\/blitzconquista.com.br\/index.php?rest_route=\/wp\/v2\/posts\/68422\/revisions"}],"predecessor-version":[{"id":68426,"href":"https:\/\/blitzconquista.com.br\/index.php?rest_route=\/wp\/v2\/posts\/68422\/revisions\/68426"}],"wp:featuredmedia":[{"embeddable":true,"href":"https:\/\/blitzconquista.com.br\/index.php?rest_route=\/wp\/v2\/media\/68423"}],"wp:attachment":[{"href":"https:\/\/blitzconquista.com.br\/index.php?rest_route=%2Fwp%2Fv2%2Fmedia&parent=68422"}],"wp:term":[{"taxonomy":"category","embeddable":true,"href":"https:\/\/blitzconquista.com.br\/index.php?rest_route=%2Fwp%2Fv2%2Fcategories&post=68422"},{"taxonomy":"post_tag","embeddable":true,"href":"https:\/\/blitzconquista.com.br\/index.php?rest_route=%2Fwp%2Fv2%2Ftags&post=68422"}],"curies":[{"name":"wp","href":"https:\/\/api.w.org\/{rel}","templated":true}]}}